{"id":236805,"date":"2015-12-22T00:00:00","date_gmt":"2015-12-22T00:00:00","guid":{"rendered":"https:\/\/www.ecuadortimes.net\/es\/el-precio-referencial-de-la-caja-de-banano-bajo-a-616\/"},"modified":"2015-12-22T00:00:00","modified_gmt":"2015-12-22T00:00:00","slug":"el-precio-referencial-de-la-caja-de-banano-bajo-a-616","status":"publish","type":"post","link":"https:\/\/www.ecuadortimes.net\/es\/el-precio-referencial-de-la-caja-de-banano-bajo-a-616\/","title":{"rendered":"El precio referencial de la caja de banano baj\u00f3 a $ 6,16"},"content":{"rendered":"<p>&nbsp;<\/p>\n<p style=\"text-align: justify;\"><img loading=\"lazy\" class=\"size-medium wp-image-171423 alignright\" src=\"https:\/\/www.ecuadortimes.net\/es\/wp-content\/uploads\/2015\/12\/banano-ecuatoriano-ecuadortimes-ecuadirnews-300x201.jpg\" alt=\"banano ecuatoriano-ecuadortimes-ecuadirnews\" width=\"300\" height=\"201\" \/>El Gobierno acept\u00f3 la recomendaci\u00f3n de la mesa t\u00e9cnica (productores y exportadores), que hab\u00eda sugerido reducir el valor de la caja de 43 libras del guineo a 6,16 d\u00f3lares.<\/p>\n<p style=\"text-align: justify;\">\n<p style=\"text-align: justify;\">Ante la crisis del mercado internacional, donde se redujeron las cotizaciones tras la mayor producci\u00f3n en Centroam\u00e9rica y la reducci\u00f3n del consumo en Rusia, las autoridades tomaron la decisi\u00f3n.<\/p>\n<p style=\"text-align: justify;\">\n<p style=\"text-align: justify;\">A octubre del presente a\u00f1o, de acuerdo con las estad\u00edsticas de la Asociaci\u00f3n de Exportadores de Banano (AEBE), las ventas a Rusia, el Mediterr\u00e1neo y Europa del Este cayeron entre 1,63 y 27,93 %.<\/p>\n<p style=\"text-align: justify;\">\n<p>Aunque a nivel general subieron 7,6 % en volumen, a 264,9 millones de cartones.<\/p>\n<p>&nbsp;<\/p>\n<p>&#8220;Luego de un valioso intercambio de criterios del sector privado, se alcanz\u00f3 un hist\u00f3rico acuerdo en los siguientes t\u00e9rminos&#8221;, dice el acta.<\/p>\n<p>&nbsp;<\/p>\n<p>Durante la \u00faltima reuni\u00f3n los acuerdos fueron: unificaci\u00f3n de los cartones a un precio de $ 6,16 por caja de 22XU (43 libras); &#8220;preferentemente y de manera gradual suscribir contratos 1 a 1 (exportador &#8211; productor) hasta finales de 2016 y revisi\u00f3n de la normativa bananera&#8221;, se indica.<\/p>\n<p>&nbsp;<\/p>\n<p>Adem\u00e1s, seg\u00fan el acta de la reuni\u00f3n, se acord\u00f3 la eliminaci\u00f3n de cuperos (los intermediarios) y de las comercializadoras que funcionan como los llamados ellos.<\/p>\n<p>&nbsp;<\/p>\n<p>Otro punto fue la revisi\u00f3n de la caja que se exporta a China, as\u00ed como el cumplimiento de los contratos, revisi\u00f3n de tramitolog\u00edas, de la reglamentaci\u00f3n de marcas (revisi\u00f3n t\u00e1cita de marcas) y del mecanismo de suspensi\u00f3n de marcas. (I)<\/p>\n<p>&nbsp;<\/p>\n<p>Fuente: <a href=\"http:\/\/expreso.ec\/expreso\/plantillas\/nota.aspx?idart=8760909&amp;idcat=38229&amp;tipo=2\">http:\/\/expreso.ec\/expreso\/plantillas\/nota.aspx?idart=8760909&amp;idcat=38229&amp;tipo=2<\/a><\/p>\n<p>&nbsp;<\/p>\n<p>&nbsp;<\/p>\n<p>&nbsp;<\/p>\n<p>&nbsp;<\/p>\n","protected":false},"excerpt":{"rendered":"<p>&nbsp; El Gobierno acept\u00f3 la recomendaci\u00f3n de la mesa t\u00e9cnica (productores y exportadores), que hab\u00eda sugerido reducir el valor de la caja de 43 libras del guineo a 6,16 d\u00f3lares. Ante la crisis del mercado internacional, donde se redujeron las cotizaciones tras la mayor producci\u00f3n en Centroam\u00e9rica y la reducci\u00f3n del consumo en Rusia, las autoridades tomaron la decisi\u00f3n. A octubre del presente a\u00f1o, de acuerdo con las estad\u00edsticas de la Asociaci\u00f3n de Exportadores de Banano (AEBE), las ventas a Rusia, el Mediterr\u00e1neo y Europa del Este cayeron entre 1,63 y 27,93 %. Aunque a nivel general subieron 7,6 % en volumen, a 264,9 millones de cartones. &nbsp; &#8220;Luego de un valioso intercambio de criterios del sector privado, se alcanz\u00f3 un hist\u00f3rico acuerdo en los siguientes t\u00e9rminos&#8221;, dice el acta. &nbsp; Durante la \u00faltima reuni\u00f3n los acuerdos fueron: unificaci\u00f3n de los cartones a un precio de $ 6,16 por caja de 22XU (43 libras); &#8220;preferentemente y de manera gradual suscribir contratos 1 a 1 (exportador &#8211; productor) hasta finales de 2016 y revisi\u00f3n de la normativa bananera&#8221;, se indica. &nbsp; Adem\u00e1s, seg\u00fan el acta de la reuni\u00f3n, se acord\u00f3 la eliminaci\u00f3n de cuperos (los intermediarios) y de las comercializadoras que funcionan como los llamados ellos. &nbsp; Otro punto fue la revisi\u00f3n de la caja que se exporta a China, as\u00ed como el cumplimiento de los contratos, revisi\u00f3n de tramitolog\u00edas, de la reglamentaci\u00f3n de marcas (revisi\u00f3n t\u00e1cita de marcas) y del mecanismo de suspensi\u00f3n de marcas. (I) &nbsp; Fuente: http:\/\/expreso.ec\/expreso\/plantillas\/nota.aspx?idart=8760909&amp;idcat=38229&amp;tipo=2 &nbsp; &nbsp; &nbsp; &nbsp;<\/p>\n","protected":false},"author":1,"featured_media":236806,"comment_status":"open","ping_status":"open","sticky":false,"template":"","format":"standard","meta":[],"categories":[54,43],"tags":[],"_links":{"self":[{"href":"https:\/\/www.ecuadortimes.net\/es\/wp-json\/wp\/v2\/posts\/236805"}],"collection":[{"href":"https:\/\/www.ecuadortimes.net\/es\/wp-json\/wp\/v2\/posts"}],"about":[{"href":"https:\/\/www.ecuadortimes.net\/es\/wp-json\/wp\/v2\/types\/post"}],"author":[{"embeddable":true,"href":"https:\/\/www.ecuadortimes.net\/es\/wp-json\/wp\/v2\/users\/1"}],"replies":[{"embeddable":true,"href":"https:\/\/www.ecuadortimes.net\/es\/wp-json\/wp\/v2\/comments?post=236805"}],"version-history":[{"count":0,"href":"https:\/\/www.ecuadortimes.net\/es\/wp-json\/wp\/v2\/posts\/236805\/revisions"}],"wp:featuredmedia":[{"embeddable":true,"href":"https:\/\/www.ecuadortimes.net\/es\/wp-json\/wp\/v2\/media\/236806"}],"wp:attachment":[{"href":"https:\/\/www.ecuadortimes.net\/es\/wp-json\/wp\/v2\/media?parent=236805"}],"wp:term":[{"taxonomy":"category","embeddable":true,"href":"https:\/\/www.ecuadortimes.net\/es\/wp-json\/wp\/v2\/categories?post=236805"},{"taxonomy":"post_tag","embeddable":true,"href":"https:\/\/www.ecuadortimes.net\/es\/wp-json\/wp\/v2\/tags?post=236805"}],"curies":[{"name":"wp","href":"https:\/\/api.w.org\/{rel}","templated":true}]}}