{"id":236809,"date":"2015-12-22T00:00:00","date_gmt":"2015-12-22T00:00:00","guid":{"rendered":"https:\/\/www.ecuadortimes.net\/es\/ecuador-lejos-de-despenalizar-el-aborto\/"},"modified":"2015-12-22T00:00:00","modified_gmt":"2015-12-22T00:00:00","slug":"ecuador-lejos-de-despenalizar-el-aborto","status":"publish","type":"post","link":"https:\/\/www.ecuadortimes.net\/es\/ecuador-lejos-de-despenalizar-el-aborto\/","title":{"rendered":"Ecuador, lejos de despenalizar el aborto"},"content":{"rendered":"<p>&nbsp;<\/p>\n<p style=\"text-align: justify;\"><img loading=\"lazy\" class=\"size-medium wp-image-171432 alignright\" src=\"https:\/\/www.ecuadortimes.net\/es\/wp-content\/uploads\/2015\/12\/Captura-de-pantalla-2015-12-22-a-las-2.38.03-p.m.-300x234.png\" alt=\"Captura de pantalla 2015-12-22 a las 2.38.03 p.m.\" width=\"300\" height=\"234\" \/>El Ecuador se esfuerza por cumplir las recomendaciones de la Convenci\u00f3n sobre la Eliminaci\u00f3n de todas las formas de <strong>Discriminaci\u00f3n contra la Mujer (CEDAW,<\/strong> por sus siglas en ingl\u00e9s). Esa instancia hizo, al menos, seis recomendaciones.<\/p>\n<p style=\"text-align: justify;\">Tienen que ver con el derecho a la salud de las mujeres. Una de ellas es la de despenalizar el aborto en caso de violaci\u00f3n, incesto y malformaciones fetales graves o serias.<\/p>\n<p style=\"text-align: justify;\">\n<p style=\"text-align: justify;\">Esa sugerencia, por el momento, no se podr\u00e1 cumplir. La<strong> ministra de Justicia, Ledy Z\u00fa\u00f1iga,<\/strong> reconoce que ese &#8220;es un tema que constitucionalmente en el Ecuador no est\u00e1 permitido&#8221;. Por lo tanto, Justicia, Judicatura, Asamblea, Consejo de Participaci\u00f3n y organizaciones de la sociedad civil trabajan para cumplir lo que la Carta Magna establece, a\u00f1adi\u00f3. (I)<\/p>\n<p>&nbsp;<\/p>\n<p>Fuente: <a href=\"http:\/\/expreso.ec\/expreso\/plantillas\/nota.aspx?idart=8761125&amp;idcat=38269&amp;tipo=2\">http:\/\/expreso.ec\/expreso\/plantillas\/nota.aspx?idart=8761125&amp;idcat=38269&amp;tipo=2<\/a><\/p>\n<p>&nbsp;<\/p>\n","protected":false},"excerpt":{"rendered":"<p>&nbsp; El Ecuador se esfuerza por cumplir las recomendaciones de la Convenci\u00f3n sobre la Eliminaci\u00f3n de todas las formas de Discriminaci\u00f3n contra la Mujer (CEDAW, por sus siglas en ingl\u00e9s). Esa instancia hizo, al menos, seis recomendaciones. Tienen que ver con el derecho a la salud de las mujeres. Una de ellas es la de despenalizar el aborto en caso de violaci\u00f3n, incesto y malformaciones fetales graves o serias. Esa sugerencia, por el momento, no se podr\u00e1 cumplir. La ministra de Justicia, Ledy Z\u00fa\u00f1iga, reconoce que ese &#8220;es un tema que constitucionalmente en el Ecuador no est\u00e1 permitido&#8221;. Por lo tanto, Justicia, Judicatura, Asamblea, Consejo de Participaci\u00f3n y organizaciones de la sociedad civil trabajan para cumplir lo que la Carta Magna establece, a\u00f1adi\u00f3. (I) &nbsp; Fuente: http:\/\/expreso.ec\/expreso\/plantillas\/nota.aspx?idart=8761125&amp;idcat=38269&amp;tipo=2 &nbsp;<\/p>\n","protected":false},"author":1,"featured_media":0,"comment_status":"open","ping_status":"open","sticky":false,"template":"","format":"standard","meta":[],"categories":[54,40],"tags":[],"_links":{"self":[{"href":"https:\/\/www.ecuadortimes.net\/es\/wp-json\/wp\/v2\/posts\/236809"}],"collection":[{"href":"https:\/\/www.ecuadortimes.net\/es\/wp-json\/wp\/v2\/posts"}],"about":[{"href":"https:\/\/www.ecuadortimes.net\/es\/wp-json\/wp\/v2\/types\/post"}],"author":[{"embeddable":true,"href":"https:\/\/www.ecuadortimes.net\/es\/wp-json\/wp\/v2\/users\/1"}],"replies":[{"embeddable":true,"href":"https:\/\/www.ecuadortimes.net\/es\/wp-json\/wp\/v2\/comments?post=236809"}],"version-history":[{"count":0,"href":"https:\/\/www.ecuadortimes.net\/es\/wp-json\/wp\/v2\/posts\/236809\/revisions"}],"wp:attachment":[{"href":"https:\/\/www.ecuadortimes.net\/es\/wp-json\/wp\/v2\/media?parent=236809"}],"wp:term":[{"taxonomy":"category","embeddable":true,"href":"https:\/\/www.ecuadortimes.net\/es\/wp-json\/wp\/v2\/categories?post=236809"},{"taxonomy":"post_tag","embeddable":true,"href":"https:\/\/www.ecuadortimes.net\/es\/wp-json\/wp\/v2\/tags?post=236809"}],"curies":[{"name":"wp","href":"https:\/\/api.w.org\/{rel}","templated":true}]}}