{"id":236815,"date":"2015-12-22T00:00:00","date_gmt":"2015-12-22T00:00:00","guid":{"rendered":"https:\/\/www.ecuadortimes.net\/es\/lechuguines-complican-el-traslado-por-embalse\/"},"modified":"2015-12-22T00:00:00","modified_gmt":"2015-12-22T00:00:00","slug":"lechuguines-complican-el-traslado-por-embalse","status":"publish","type":"post","link":"https:\/\/www.ecuadortimes.net\/es\/lechuguines-complican-el-traslado-por-embalse\/","title":{"rendered":"Lechuguines complican el traslado por embalse"},"content":{"rendered":"<p><img loading=\"lazy\" class=\"alignleft size-medium wp-image-171452\" src=\"https:\/\/www.ecuadortimes.net\/es\/wp-content\/uploads\/2015\/12\/chone-multiproposito-ecuadortmes-ecuadornews-300x169.jpg\" alt=\"chone-multiproposito-ecuadortmes-ecuadornews\" width=\"300\" height=\"169\" \/>La acumulaci\u00f3n de lechuguines en parte de la represa en el sector <strong>R\u00edo Grande<\/strong>, en la parroquia Santa Rita, en <strong>Chone<\/strong>, dificulta la transportaci\u00f3n fluvial de los campesinos asentados en la parte alta del embalse, seg\u00fan los habitantes de la zona.<\/p>\n<p>La represa fue inaugurada por el presidente Rafael Correa el pasado 24 de noviembre y es parte del llamado <strong>Proyecto Multiprop\u00f3sito Chone.<\/strong><\/p>\n<p>El presidente del comit\u00e9 vial del sector, Elvis Su\u00e1rez, cuenta que una canoa tarda en llegar a la comuna de Co\u00f1aque hasta cinco horas por los lechuguines, cuando en inviernos anteriores con la crecida del R\u00edo Grande se demoraba media hora. Por tierra, en verano, el trayecto de 12 kil\u00f3metros ser\u00eda de unos 20 minutos.<\/p>\n<p>Seg\u00fan \u00e9l, ni\u00f1os y adultos sufren cuando la canoa se queda varada en medio de los lechuguines que se han formado aguas arriba sobre la represa.<\/p>\n<p>Su\u00e1rez dice que las autoridades de la <strong>Prefectura<\/strong>, que tiene las competencias de las v\u00edas en las zonas aleda\u00f1as a la represa, deber\u00edan construir caminos permanentes para evitar cruzar por el R\u00edo Grande.<\/p>\n<p>Fuente:\u00a0http:\/\/www.eluniverso.com\/noticias\/2015\/12\/22\/nota\/5311572\/lechuguines-complican-traslado-embalse<\/p>\n","protected":false},"excerpt":{"rendered":"<p>La acumulaci\u00f3n de lechuguines en parte de la represa en el sector R\u00edo Grande, en la parroquia Santa Rita, en Chone, dificulta la transportaci\u00f3n fluvial de los campesinos asentados en la parte alta del embalse, seg\u00fan los habitantes de la zona. La represa fue inaugurada por el presidente Rafael Correa el pasado 24 de noviembre y es parte del llamado Proyecto Multiprop\u00f3sito Chone. El presidente del comit\u00e9 vial del sector, Elvis Su\u00e1rez, cuenta que una canoa tarda en llegar a la comuna de Co\u00f1aque hasta cinco horas por los lechuguines, cuando en inviernos anteriores con la crecida del R\u00edo Grande se demoraba media hora. Por tierra, en verano, el trayecto de 12 kil\u00f3metros ser\u00eda de unos 20 minutos. Seg\u00fan \u00e9l, ni\u00f1os y adultos sufren cuando la canoa se queda varada en medio de los lechuguines que se han formado aguas arriba sobre la represa. Su\u00e1rez dice que las autoridades de la Prefectura, que tiene las competencias de las v\u00edas en las zonas aleda\u00f1as a la represa, deber\u00edan construir caminos permanentes para evitar cruzar por el R\u00edo Grande. Fuente:\u00a0http:\/\/www.eluniverso.com\/noticias\/2015\/12\/22\/nota\/5311572\/lechuguines-complican-traslado-embalse<\/p>\n","protected":false},"author":1,"featured_media":236816,"comment_status":"open","ping_status":"open","sticky":false,"template":"","format":"standard","meta":[],"categories":[35,37],"tags":[],"_links":{"self":[{"href":"https:\/\/www.ecuadortimes.net\/es\/wp-json\/wp\/v2\/posts\/236815"}],"collection":[{"href":"https:\/\/www.ecuadortimes.net\/es\/wp-json\/wp\/v2\/posts"}],"about":[{"href":"https:\/\/www.ecuadortimes.net\/es\/wp-json\/wp\/v2\/types\/post"}],"author":[{"embeddable":true,"href":"https:\/\/www.ecuadortimes.net\/es\/wp-json\/wp\/v2\/users\/1"}],"replies":[{"embeddable":true,"href":"https:\/\/www.ecuadortimes.net\/es\/wp-json\/wp\/v2\/comments?post=236815"}],"version-history":[{"count":0,"href":"https:\/\/www.ecuadortimes.net\/es\/wp-json\/wp\/v2\/posts\/236815\/revisions"}],"wp:featuredmedia":[{"embeddable":true,"href":"https:\/\/www.ecuadortimes.net\/es\/wp-json\/wp\/v2\/media\/236816"}],"wp:attachment":[{"href":"https:\/\/www.ecuadortimes.net\/es\/wp-json\/wp\/v2\/media?parent=236815"}],"wp:term":[{"taxonomy":"category","embeddable":true,"href":"https:\/\/www.ecuadortimes.net\/es\/wp-json\/wp\/v2\/categories?post=236815"},{"taxonomy":"post_tag","embeddable":true,"href":"https:\/\/www.ecuadortimes.net\/es\/wp-json\/wp\/v2\/tags?post=236815"}],"curies":[{"name":"wp","href":"https:\/\/api.w.org\/{rel}","templated":true}]}}