{"id":236817,"date":"2015-12-22T00:00:00","date_gmt":"2015-12-22T00:00:00","guid":{"rendered":"https:\/\/www.ecuadortimes.net\/es\/corte-inadmitio-accion-de-agrupaciones-contra-cne\/"},"modified":"2015-12-22T00:00:00","modified_gmt":"2015-12-22T00:00:00","slug":"corte-inadmitio-accion-de-agrupaciones-contra-cne","status":"publish","type":"post","link":"https:\/\/www.ecuadortimes.net\/es\/corte-inadmitio-accion-de-agrupaciones-contra-cne\/","title":{"rendered":"Corte inadmiti\u00f3 acci\u00f3n de agrupaciones contra CNE"},"content":{"rendered":"<p>&nbsp;<\/p>\n<div id=\"attachment_171458\" style=\"width: 310px\" class=\"wp-caption alignright\"><img aria-describedby=\"caption-attachment-171458\" loading=\"lazy\" class=\"size-medium wp-image-171458\" src=\"https:\/\/www.ecuadortimes.net\/es\/wp-content\/uploads\/2015\/12\/CNE-EECUADORTIMES-ECUADORNEWS-300x184.jpg\" alt=\"Imagen: El Universo\" width=\"300\" height=\"184\" \/><p id=\"caption-attachment-171458\" class=\"wp-caption-text\">Imagen: El Universo<\/p><\/div>\n<p style=\"text-align: justify;\">Una demanda que en la pr\u00e1ctica buscaba dejar sentado cu\u00e1l es el procedimiento para empujar una consulta popular de iniciativa ciudadana qued\u00f3 en el archivo hace un mes.<\/p>\n<p style=\"text-align: justify;\">\n<p style=\"text-align: justify;\">Esto, por la resoluci\u00f3n que la Corte Constituci\u00f3n (CC) tom\u00f3 sobre una acci\u00f3n por incumplimiento que el colectivo Compromiso Ecuador hab\u00eda planteado en abril pasado.<\/p>\n<p style=\"text-align: justify;\">\n<p style=\"text-align: justify;\">El frente, que desde el 2014 agrupa a varias organizaciones y ciudadanos a favor de una consulta sobre la reelecci\u00f3n indefinida, present\u00f3 el recurso en contra del Consejo Nacional Electoral (CNE) por haber incumplido la regla jurisprudencial establecida por la CC en su dictamen N\u00ba 001-13-DCP-CC\u009d.<\/p>\n<p style=\"text-align: justify;\">\n<p style=\"text-align: justify;\">As\u00ed consta en la resoluci\u00f3n de la Sala que lo inadmite a tr\u00e1mite\u009d y dispone su \u0098archivo\u0099, seg\u00fan el documento que est\u00e1 colgado en la web de la Corte.<\/p>\n<p>&nbsp;<\/p>\n<p>La Sala, compuesta por Tatiana Orde\u00f1ana, Manuel Viteri y Mar\u00eda del Carmen Maldonado (ella ya no es jueza), consider\u00f3 que ordenar el cumplimiento de tal regla incumple con el objeto de la acci\u00f3n por incumplimiento, que es garantizar la aplicaci\u00f3n de las normas que integran el sistema jur\u00eddico\u009d. (I)<\/p>\n<p>&nbsp;<\/p>\n<p>Fuente: http:\/\/www.eluniverso.com\/noticias\/2015\/12\/22\/nota\/5311602\/corte-inadmitio-accion-agrupaciones-contra-cne<\/p>\n","protected":false},"excerpt":{"rendered":"<p>&nbsp; Una demanda que en la pr\u00e1ctica buscaba dejar sentado cu\u00e1l es el procedimiento para empujar una consulta popular de iniciativa ciudadana qued\u00f3 en el archivo hace un mes. Esto, por la resoluci\u00f3n que la Corte Constituci\u00f3n (CC) tom\u00f3 sobre una acci\u00f3n por incumplimiento que el colectivo Compromiso Ecuador hab\u00eda planteado en abril pasado. El frente, que desde el 2014 agrupa a varias organizaciones y ciudadanos a favor de una consulta sobre la reelecci\u00f3n indefinida, present\u00f3 el recurso en contra del Consejo Nacional Electoral (CNE) por haber incumplido la regla jurisprudencial establecida por la CC en su dictamen N\u00ba 001-13-DCP-CC\u009d. As\u00ed consta en la resoluci\u00f3n de la Sala que lo inadmite a tr\u00e1mite\u009d y dispone su \u0098archivo\u0099, seg\u00fan el documento que est\u00e1 colgado en la web de la Corte. &nbsp; La Sala, compuesta por Tatiana Orde\u00f1ana, Manuel Viteri y Mar\u00eda del Carmen Maldonado (ella ya no es jueza), consider\u00f3 que ordenar el cumplimiento de tal regla incumple con el objeto de la acci\u00f3n por incumplimiento, que es garantizar la aplicaci\u00f3n de las normas que integran el sistema jur\u00eddico\u009d. (I) &nbsp; Fuente: http:\/\/www.eluniverso.com\/noticias\/2015\/12\/22\/nota\/5311602\/corte-inadmitio-accion-agrupaciones-contra-cne<\/p>\n","protected":false},"author":1,"featured_media":236818,"comment_status":"open","ping_status":"open","sticky":false,"template":"","format":"standard","meta":[],"categories":[54,40],"tags":[],"_links":{"self":[{"href":"https:\/\/www.ecuadortimes.net\/es\/wp-json\/wp\/v2\/posts\/236817"}],"collection":[{"href":"https:\/\/www.ecuadortimes.net\/es\/wp-json\/wp\/v2\/posts"}],"about":[{"href":"https:\/\/www.ecuadortimes.net\/es\/wp-json\/wp\/v2\/types\/post"}],"author":[{"embeddable":true,"href":"https:\/\/www.ecuadortimes.net\/es\/wp-json\/wp\/v2\/users\/1"}],"replies":[{"embeddable":true,"href":"https:\/\/www.ecuadortimes.net\/es\/wp-json\/wp\/v2\/comments?post=236817"}],"version-history":[{"count":0,"href":"https:\/\/www.ecuadortimes.net\/es\/wp-json\/wp\/v2\/posts\/236817\/revisions"}],"wp:featuredmedia":[{"embeddable":true,"href":"https:\/\/www.ecuadortimes.net\/es\/wp-json\/wp\/v2\/media\/236818"}],"wp:attachment":[{"href":"https:\/\/www.ecuadortimes.net\/es\/wp-json\/wp\/v2\/media?parent=236817"}],"wp:term":[{"taxonomy":"category","embeddable":true,"href":"https:\/\/www.ecuadortimes.net\/es\/wp-json\/wp\/v2\/categories?post=236817"},{"taxonomy":"post_tag","embeddable":true,"href":"https:\/\/www.ecuadortimes.net\/es\/wp-json\/wp\/v2\/tags?post=236817"}],"curies":[{"name":"wp","href":"https:\/\/api.w.org\/{rel}","templated":true}]}}