{"id":236820,"date":"2015-12-22T00:00:00","date_gmt":"2015-12-22T00:00:00","guid":{"rendered":"https:\/\/www.ecuadortimes.net\/es\/auditar-a-guillermo-lasso-fue-peticion-de-oficialistas\/"},"modified":"2015-12-22T00:00:00","modified_gmt":"2015-12-22T00:00:00","slug":"auditar-a-guillermo-lasso-fue-peticion-de-oficialistas","status":"publish","type":"post","link":"https:\/\/www.ecuadortimes.net\/es\/auditar-a-guillermo-lasso-fue-peticion-de-oficialistas\/","title":{"rendered":"Auditar a Guillermo Lasso fue petici\u00f3n de oficialistas"},"content":{"rendered":"<p>&nbsp;<\/p>\n<p style=\"text-align: justify;\"><img loading=\"lazy\" class=\"size-medium wp-image-171457 alignright\" src=\"https:\/\/www.ecuadortimes.net\/es\/wp-content\/uploads\/2015\/12\/Captura-de-pantalla-2015-12-22-a-las-4.40.19-p.m.-300x234.png\" alt=\"Captura de pantalla 2015-12-22 a las 4.40.19 p.m.\" width=\"300\" height=\"234\" \/>Kl\u00e9ver Caiza y Javier Serrano, representantes del Partido Socialista y del movimiento Alianza PAIS, en su orden, pidieron ayer al Consejo Nacional Electoral (CNE) que haga una auditor\u00eda a la supuesta precampa\u00f1a del dirigente de CREO y exbanquero, Guillermo Lasso.<\/p>\n<p style=\"text-align: justify;\">\n<p>La solicitud se realiz\u00f3 en el marco de la reuni\u00f3n que ayer tuvo el CNE con estas agrupaciones, adem\u00e1s del partido Fuerza Ecuador y de los movimientos Uni\u00f3n Ecuatoriana y Unidad Popular.<\/p>\n<p>&nbsp;<\/p>\n<p>Este es el segundo encuentro del CNE con las organizaciones pol\u00edticas; el viernes pasado estuvo con otras diez de oposici\u00f3n, las cuales anticiparon su decisi\u00f3n de ejercer un control del proceso electoral del 2017.<\/p>\n<p>&nbsp;<\/p>\n<p>Caiza plante\u00f3 al CNE controlar la precampa\u00f1a que realiza Guillermo Lasso\u009d ya que, seg\u00fan \u00e9l, participa actos p\u00fablicos y enlaces en medios.<\/p>\n<p>&nbsp;<\/p>\n<p>Serrano expres\u00f3 que una cosa es la promoci\u00f3n electoral y otra distinta aquella que realizan los alcaldes sobre sus obras. Y aclar\u00f3 que, respecto a las sabatinas de Rafael Correa, el \u00f3rgano electoral abri\u00f3 un expediente en el 2014 y determin\u00f3 que son rendiciones de cuentas.<\/p>\n<p>&nbsp;<\/p>\n<p>Juan Pablo Pozo, presidente del CNE, coment\u00f3 que, por disposici\u00f3n de la ley, el organismo realiza controles antes, durante y luego de las elecciones.<\/p>\n<p>&nbsp;<\/p>\n<p>Pozo se\u00f1al\u00f3 que hay 152 organizaciones pol\u00edticas registradas; de ellas, 12 son partidos y movimientos nacionales y los dem\u00e1s son provinciales, cantonales y parroquiales.<\/p>\n<p>&nbsp;<\/p>\n<p>Asimismo, hay m\u00e1s de 80 peticiones de clave para poder iniciar el proceso de recolecci\u00f3n de firmas e inscribirse para el 2017. Los detalles del calendario electoral del 2017 se dar\u00e1n a conocer en febrero. (I)<\/p>\n<p>&nbsp;<\/p>\n<p>Fuente: <a href=\"http:\/\/www.eluniverso.com\/noticias\/2015\/12\/22\/nota\/5311605\/auditar-lasso-fue-peticion-oficialistas\">http:\/\/www.eluniverso.com\/noticias\/2015\/12\/22\/nota\/5311605\/auditar-lasso-fue-peticion-oficialistas<\/a><\/p>\n<p>&nbsp;<\/p>\n","protected":false},"excerpt":{"rendered":"<p>&nbsp; Kl\u00e9ver Caiza y Javier Serrano, representantes del Partido Socialista y del movimiento Alianza PAIS, en su orden, pidieron ayer al Consejo Nacional Electoral (CNE) que haga una auditor\u00eda a la supuesta precampa\u00f1a del dirigente de CREO y exbanquero, Guillermo Lasso. La solicitud se realiz\u00f3 en el marco de la reuni\u00f3n que ayer tuvo el CNE con estas agrupaciones, adem\u00e1s del partido Fuerza Ecuador y de los movimientos Uni\u00f3n Ecuatoriana y Unidad Popular. &nbsp; Este es el segundo encuentro del CNE con las organizaciones pol\u00edticas; el viernes pasado estuvo con otras diez de oposici\u00f3n, las cuales anticiparon su decisi\u00f3n de ejercer un control del proceso electoral del 2017. &nbsp; Caiza plante\u00f3 al CNE controlar la precampa\u00f1a que realiza Guillermo Lasso\u009d ya que, seg\u00fan \u00e9l, participa actos p\u00fablicos y enlaces en medios. &nbsp; Serrano expres\u00f3 que una cosa es la promoci\u00f3n electoral y otra distinta aquella que realizan los alcaldes sobre sus obras. Y aclar\u00f3 que, respecto a las sabatinas de Rafael Correa, el \u00f3rgano electoral abri\u00f3 un expediente en el 2014 y determin\u00f3 que son rendiciones de cuentas. &nbsp; Juan Pablo Pozo, presidente del CNE, coment\u00f3 que, por disposici\u00f3n de la ley, el organismo realiza controles antes, durante y luego de las elecciones. &nbsp; Pozo se\u00f1al\u00f3 que hay 152 organizaciones pol\u00edticas registradas; de ellas, 12 son partidos y movimientos nacionales y los dem\u00e1s son provinciales, cantonales y parroquiales. &nbsp; Asimismo, hay m\u00e1s de 80 peticiones de clave para poder iniciar el proceso de recolecci\u00f3n de firmas e inscribirse para el 2017. Los detalles del calendario electoral del 2017 se dar\u00e1n a conocer en febrero. (I) &nbsp; Fuente: http:\/\/www.eluniverso.com\/noticias\/2015\/12\/22\/nota\/5311605\/auditar-lasso-fue-peticion-oficialistas &nbsp;<\/p>\n","protected":false},"author":1,"featured_media":0,"comment_status":"open","ping_status":"open","sticky":false,"template":"","format":"standard","meta":[],"categories":[54,40],"tags":[],"_links":{"self":[{"href":"https:\/\/www.ecuadortimes.net\/es\/wp-json\/wp\/v2\/posts\/236820"}],"collection":[{"href":"https:\/\/www.ecuadortimes.net\/es\/wp-json\/wp\/v2\/posts"}],"about":[{"href":"https:\/\/www.ecuadortimes.net\/es\/wp-json\/wp\/v2\/types\/post"}],"author":[{"embeddable":true,"href":"https:\/\/www.ecuadortimes.net\/es\/wp-json\/wp\/v2\/users\/1"}],"replies":[{"embeddable":true,"href":"https:\/\/www.ecuadortimes.net\/es\/wp-json\/wp\/v2\/comments?post=236820"}],"version-history":[{"count":0,"href":"https:\/\/www.ecuadortimes.net\/es\/wp-json\/wp\/v2\/posts\/236820\/revisions"}],"wp:attachment":[{"href":"https:\/\/www.ecuadortimes.net\/es\/wp-json\/wp\/v2\/media?parent=236820"}],"wp:term":[{"taxonomy":"category","embeddable":true,"href":"https:\/\/www.ecuadortimes.net\/es\/wp-json\/wp\/v2\/categories?post=236820"},{"taxonomy":"post_tag","embeddable":true,"href":"https:\/\/www.ecuadortimes.net\/es\/wp-json\/wp\/v2\/tags?post=236820"}],"curies":[{"name":"wp","href":"https:\/\/api.w.org\/{rel}","templated":true}]}}