{"id":236826,"date":"2015-12-23T00:00:00","date_gmt":"2015-12-23T00:00:00","guid":{"rendered":"https:\/\/www.ecuadortimes.net\/es\/correa-seria-un-error-terrible-posible-candidatizacion-de-jaime-nebot\/"},"modified":"2015-12-23T00:00:00","modified_gmt":"2015-12-23T00:00:00","slug":"correa-seria-un-error-terrible-posible-candidatizacion-de-jaime-nebot","status":"publish","type":"post","link":"https:\/\/www.ecuadortimes.net\/es\/correa-seria-un-error-terrible-posible-candidatizacion-de-jaime-nebot\/","title":{"rendered":"Correa: ser\u00eda un error terrible posible candidatizaci\u00f3n de Jaime Nebot."},"content":{"rendered":"<p>&nbsp;<\/p>\n<div id=\"attachment_171481\" style=\"width: 310px\" class=\"wp-caption aligncenter\"><img aria-describedby=\"caption-attachment-171481\" loading=\"lazy\" class=\"size-medium wp-image-171481\" src=\"https:\/\/www.ecuadortimes.net\/es\/wp-content\/uploads\/2015\/12\/nebot-ecuadortimes-ecuadornews-300x189.jpg\" alt=\"Imagen: La Hora\" width=\"300\" height=\"189\" \/><p id=\"caption-attachment-171481\" class=\"wp-caption-text\">Imagen: La Hora<\/p><\/div>\n<p style=\"text-align: justify;\">Si el alcalde de Guayaquil Jaime Nebot se candidatiza para las elecciones presidenciales del 2017, se arriesga a ser derrotado en las urnas, asegur\u00f3 el martes el mandatario Rafael Correa, durante un conversatorio con periodistas.<\/p>\n<p style=\"text-align: justify;\">\n<p style=\"text-align: justify;\">Al ser consultado sobre el inter\u00e9s de miembros del Partido Social Cristiano, como la asamble\u00edsta Cynthia Viteri, para que el alcalde porte\u00f1o sea aspirante a la presidencia, Correa dijo: &#8220;ojal\u00e1 se presente Nebot&#8221;.<\/p>\n<p style=\"text-align: justify;\">\n<p style=\"text-align: justify;\">A criterio del gobernante, para Nebot &#8220;ser\u00eda un error terrible porque a su edad, despu\u00e9s de ser varias veces reelecto alcalde de Guayaquil, considerado exitoso por sus electores, que se arriesgue a una tercera derrota a nivel presidencial&#8221;. (I)<\/p>\n<p style=\"text-align: justify;\">\n<p style=\"text-align: justify;\">Fuente: <a href=\"http:\/\/www.eluniverso.com\/noticias\/2015\/12\/22\/nota\/5312646\/si-jaime-nebot-se-candidatiza-seria-error-terrible-dice-rafael\">http:\/\/www.eluniverso.com\/noticias\/2015\/12\/22\/nota\/5312646\/si-jaime-nebot-se-candidatiza-seria-error-terrible-dice-rafael<\/a><\/p>\n","protected":false},"excerpt":{"rendered":"<p>&nbsp; Si el alcalde de Guayaquil Jaime Nebot se candidatiza para las elecciones presidenciales del 2017, se arriesga a ser derrotado en las urnas, asegur\u00f3 el martes el mandatario Rafael Correa, durante un conversatorio con periodistas. Al ser consultado sobre el inter\u00e9s de miembros del Partido Social Cristiano, como la asamble\u00edsta Cynthia Viteri, para que el alcalde porte\u00f1o sea aspirante a la presidencia, Correa dijo: &#8220;ojal\u00e1 se presente Nebot&#8221;. A criterio del gobernante, para Nebot &#8220;ser\u00eda un error terrible porque a su edad, despu\u00e9s de ser varias veces reelecto alcalde de Guayaquil, considerado exitoso por sus electores, que se arriesgue a una tercera derrota a nivel presidencial&#8221;. (I) Fuente: http:\/\/www.eluniverso.com\/noticias\/2015\/12\/22\/nota\/5312646\/si-jaime-nebot-se-candidatiza-seria-error-terrible-dice-rafael<\/p>\n","protected":false},"author":1,"featured_media":236827,"comment_status":"open","ping_status":"open","sticky":false,"template":"","format":"standard","meta":[],"categories":[54,40],"tags":[],"_links":{"self":[{"href":"https:\/\/www.ecuadortimes.net\/es\/wp-json\/wp\/v2\/posts\/236826"}],"collection":[{"href":"https:\/\/www.ecuadortimes.net\/es\/wp-json\/wp\/v2\/posts"}],"about":[{"href":"https:\/\/www.ecuadortimes.net\/es\/wp-json\/wp\/v2\/types\/post"}],"author":[{"embeddable":true,"href":"https:\/\/www.ecuadortimes.net\/es\/wp-json\/wp\/v2\/users\/1"}],"replies":[{"embeddable":true,"href":"https:\/\/www.ecuadortimes.net\/es\/wp-json\/wp\/v2\/comments?post=236826"}],"version-history":[{"count":0,"href":"https:\/\/www.ecuadortimes.net\/es\/wp-json\/wp\/v2\/posts\/236826\/revisions"}],"wp:featuredmedia":[{"embeddable":true,"href":"https:\/\/www.ecuadortimes.net\/es\/wp-json\/wp\/v2\/media\/236827"}],"wp:attachment":[{"href":"https:\/\/www.ecuadortimes.net\/es\/wp-json\/wp\/v2\/media?parent=236826"}],"wp:term":[{"taxonomy":"category","embeddable":true,"href":"https:\/\/www.ecuadortimes.net\/es\/wp-json\/wp\/v2\/categories?post=236826"},{"taxonomy":"post_tag","embeddable":true,"href":"https:\/\/www.ecuadortimes.net\/es\/wp-json\/wp\/v2\/tags?post=236826"}],"curies":[{"name":"wp","href":"https:\/\/api.w.org\/{rel}","templated":true}]}}