{"id":236828,"date":"2015-12-23T00:00:00","date_gmt":"2015-12-23T00:00:00","guid":{"rendered":"https:\/\/www.ecuadortimes.net\/es\/mimo-campeon-del-crianza-nacional\/"},"modified":"2015-12-23T00:00:00","modified_gmt":"2015-12-23T00:00:00","slug":"mimo-campeon-del-crianza-nacional","status":"publish","type":"post","link":"https:\/\/www.ecuadortimes.net\/es\/mimo-campeon-del-crianza-nacional\/","title":{"rendered":"Mimo, campe\u00f3n del Crianza Nacional"},"content":{"rendered":"<div id=\"attachment_171485\" style=\"width: 310px\" class=\"wp-caption aligncenter\"><img aria-describedby=\"caption-attachment-171485\" loading=\"lazy\" class=\"size-medium wp-image-171485\" src=\"https:\/\/www.ecuadortimes.net\/es\/wp-content\/uploads\/2015\/12\/Captura-de-pantalla-2015-12-23-a-las-12.10.40-p.m.-300x255.png\" alt=\"Image: Expreso\" width=\"300\" height=\"255\" \/><p id=\"caption-attachment-171485\" class=\"wp-caption-text\">Image: Expreso<\/p><\/div>\n<p>Por una cabeza, Mimo obtuvo el primer lugar en la competencia  Crianza Nacional\u009d en Buijo.<\/p>\n<p>&nbsp;<\/p>\n<p>&nbsp;<\/p>\n<p>Seguido por Marco Polo, Mimo demostr\u00f3 su fuerza al correr para alcanzar la meta. Junto a su jinete Jose\u00e9 Jurado, recorri\u00f3 1,56,3 en los 1,800 metros.<\/p>\n<p>&nbsp;<\/p>\n<p>Esta es la segunda ocaci\u00f3n que Mimo, caballo del empresario \u00c3\u0081lvaro Noboa, gana el Crianza Nacional\u009d. (D)<\/p>\n<p>&nbsp;<\/p>\n<p>Fuente: <a href=\"http:\/\/expreso.ec\/expreso\/plantillas\/nota.aspx?idart=8764331&amp;idcat=38209&amp;tipo=2\">http:\/\/expreso.ec\/expreso\/plantillas\/nota.aspx?idart=8764331&amp;idcat=38209&amp;tipo=2<\/a><\/p>\n","protected":false},"excerpt":{"rendered":"<p>Por una cabeza, Mimo obtuvo el primer lugar en la competencia Crianza Nacional\u009d en Buijo. &nbsp; &nbsp; Seguido por Marco Polo, Mimo demostr\u00f3 su fuerza al correr para alcanzar la meta. Junto a su jinete Jose\u00e9 Jurado, recorri\u00f3 1,56,3 en los 1,800 metros. &nbsp; Esta es la segunda ocaci\u00f3n que Mimo, caballo del empresario \u00c3\u0081lvaro Noboa, gana el Crianza Nacional\u009d. (D) &nbsp; Fuente: http:\/\/expreso.ec\/expreso\/plantillas\/nota.aspx?idart=8764331&amp;idcat=38209&amp;tipo=2<\/p>\n","protected":false},"author":1,"featured_media":0,"comment_status":"open","ping_status":"open","sticky":false,"template":"","format":"standard","meta":[],"categories":[38],"tags":[],"_links":{"self":[{"href":"https:\/\/www.ecuadortimes.net\/es\/wp-json\/wp\/v2\/posts\/236828"}],"collection":[{"href":"https:\/\/www.ecuadortimes.net\/es\/wp-json\/wp\/v2\/posts"}],"about":[{"href":"https:\/\/www.ecuadortimes.net\/es\/wp-json\/wp\/v2\/types\/post"}],"author":[{"embeddable":true,"href":"https:\/\/www.ecuadortimes.net\/es\/wp-json\/wp\/v2\/users\/1"}],"replies":[{"embeddable":true,"href":"https:\/\/www.ecuadortimes.net\/es\/wp-json\/wp\/v2\/comments?post=236828"}],"version-history":[{"count":0,"href":"https:\/\/www.ecuadortimes.net\/es\/wp-json\/wp\/v2\/posts\/236828\/revisions"}],"wp:attachment":[{"href":"https:\/\/www.ecuadortimes.net\/es\/wp-json\/wp\/v2\/media?parent=236828"}],"wp:term":[{"taxonomy":"category","embeddable":true,"href":"https:\/\/www.ecuadortimes.net\/es\/wp-json\/wp\/v2\/categories?post=236828"},{"taxonomy":"post_tag","embeddable":true,"href":"https:\/\/www.ecuadortimes.net\/es\/wp-json\/wp\/v2\/tags?post=236828"}],"curies":[{"name":"wp","href":"https:\/\/api.w.org\/{rel}","templated":true}]}}