{"id":236829,"date":"2015-12-23T00:00:00","date_gmt":"2015-12-23T00:00:00","guid":{"rendered":"https:\/\/www.ecuadortimes.net\/es\/rafael-correa-adelanta-temas-que-irian-en-segundo-paquete-de-reformas\/"},"modified":"2015-12-23T00:00:00","modified_gmt":"2015-12-23T00:00:00","slug":"rafael-correa-adelanta-temas-que-irian-en-segundo-paquete-de-reformas","status":"publish","type":"post","link":"https:\/\/www.ecuadortimes.net\/es\/rafael-correa-adelanta-temas-que-irian-en-segundo-paquete-de-reformas\/","title":{"rendered":"Rafael Correa adelanta temas que ir\u00edan en segundo paquete de reformas"},"content":{"rendered":"<p>&nbsp;<\/p>\n<p><img loading=\"lazy\" class=\"size-medium wp-image-171488 alignright\" src=\"https:\/\/www.ecuadortimes.net\/es\/wp-content\/uploads\/2015\/12\/correa_presidente-ECUADORTIMES-ECUADORNEWS-300x202.jpg\" alt=\"correa_presidente-ECUADORTIMES-ECUADORNEWS\" width=\"300\" height=\"202\" \/><\/p>\n<p style=\"text-align: justify;\">El presidente de la Rep\u00fablica Rafael Correa mencion\u00f3 este martes en un conversatorio con periodistas cinco de los temas que incluir\u00eda en el segundo paquete de reformas a la Constituci\u00f3n, que planea enviar el pr\u00f3ximo a\u00f1o a la Asamblea Nacional.<\/p>\n<p style=\"text-align: justify;\">\n<p style=\"text-align: justify;\">Un primer cambio a la Carta Magna permitir\u00eda que se audite a los secretarios con rangos de ministros y a los gerentes de entidades como el Instituto Ecuatoriano de Seguridad Social (IESS), explic\u00f3 el mandatario.<\/p>\n<p style=\"text-align: justify;\">\n<p style=\"text-align: justify;\">Tambi\u00e9n se permitir\u00eda que la Funci\u00f3n Judicial pueda organizarse por regiones. As\u00ed, las ciudades peque\u00f1as no tendr\u00edan por ejemplo Cortes Superiores. (I)<\/p>\n<p style=\"text-align: justify;\">\n<p>Fuente: <a href=\"http:\/\/www.eluniverso.com\/noticias\/2015\/12\/22\/nota\/5312445\/rafael-correa-adelanta-temas-que-irian-segundo-paquete-reformas\">http:\/\/www.eluniverso.com\/noticias\/2015\/12\/22\/nota\/5312445\/rafael-correa-adelanta-temas-que-irian-segundo-paquete-reformas<\/a><\/p>\n","protected":false},"excerpt":{"rendered":"<p>&nbsp; El presidente de la Rep\u00fablica Rafael Correa mencion\u00f3 este martes en un conversatorio con periodistas cinco de los temas que incluir\u00eda en el segundo paquete de reformas a la Constituci\u00f3n, que planea enviar el pr\u00f3ximo a\u00f1o a la Asamblea Nacional. Un primer cambio a la Carta Magna permitir\u00eda que se audite a los secretarios con rangos de ministros y a los gerentes de entidades como el Instituto Ecuatoriano de Seguridad Social (IESS), explic\u00f3 el mandatario. Tambi\u00e9n se permitir\u00eda que la Funci\u00f3n Judicial pueda organizarse por regiones. As\u00ed, las ciudades peque\u00f1as no tendr\u00edan por ejemplo Cortes Superiores. (I) Fuente: http:\/\/www.eluniverso.com\/noticias\/2015\/12\/22\/nota\/5312445\/rafael-correa-adelanta-temas-que-irian-segundo-paquete-reformas<\/p>\n","protected":false},"author":1,"featured_media":236830,"comment_status":"open","ping_status":"open","sticky":false,"template":"","format":"standard","meta":[],"categories":[54,40],"tags":[],"_links":{"self":[{"href":"https:\/\/www.ecuadortimes.net\/es\/wp-json\/wp\/v2\/posts\/236829"}],"collection":[{"href":"https:\/\/www.ecuadortimes.net\/es\/wp-json\/wp\/v2\/posts"}],"about":[{"href":"https:\/\/www.ecuadortimes.net\/es\/wp-json\/wp\/v2\/types\/post"}],"author":[{"embeddable":true,"href":"https:\/\/www.ecuadortimes.net\/es\/wp-json\/wp\/v2\/users\/1"}],"replies":[{"embeddable":true,"href":"https:\/\/www.ecuadortimes.net\/es\/wp-json\/wp\/v2\/comments?post=236829"}],"version-history":[{"count":0,"href":"https:\/\/www.ecuadortimes.net\/es\/wp-json\/wp\/v2\/posts\/236829\/revisions"}],"wp:featuredmedia":[{"embeddable":true,"href":"https:\/\/www.ecuadortimes.net\/es\/wp-json\/wp\/v2\/media\/236830"}],"wp:attachment":[{"href":"https:\/\/www.ecuadortimes.net\/es\/wp-json\/wp\/v2\/media?parent=236829"}],"wp:term":[{"taxonomy":"category","embeddable":true,"href":"https:\/\/www.ecuadortimes.net\/es\/wp-json\/wp\/v2\/categories?post=236829"},{"taxonomy":"post_tag","embeddable":true,"href":"https:\/\/www.ecuadortimes.net\/es\/wp-json\/wp\/v2\/tags?post=236829"}],"curies":[{"name":"wp","href":"https:\/\/api.w.org\/{rel}","templated":true}]}}