{"id":236836,"date":"2015-12-23T00:00:00","date_gmt":"2015-12-23T00:00:00","guid":{"rendered":"https:\/\/www.ecuadortimes.net\/es\/desfase-entre-salario-fijado-y-canasta-familiar-es-de-30396\/"},"modified":"2015-12-23T00:00:00","modified_gmt":"2015-12-23T00:00:00","slug":"desfase-entre-salario-fijado-y-canasta-familiar-es-de-30396","status":"publish","type":"post","link":"https:\/\/www.ecuadortimes.net\/es\/desfase-entre-salario-fijado-y-canasta-familiar-es-de-30396\/","title":{"rendered":"Desfase entre salario fijado y canasta familiar es de $303,96"},"content":{"rendered":"<p>&nbsp;<\/p>\n<div id=\"attachment_171503\" style=\"width: 310px\" class=\"wp-caption aligncenter\"><img aria-describedby=\"caption-attachment-171503\" loading=\"lazy\" class=\"size-medium wp-image-171503\" src=\"https:\/\/www.ecuadortimes.net\/es\/wp-content\/uploads\/2015\/12\/CANASTA-BASICA-ECUADORTIMES-ECUADORNEWS-300x169.jpg\" alt=\"Imagen: El Universo\" width=\"300\" height=\"169\" \/><p id=\"caption-attachment-171503\" class=\"wp-caption-text\">Imagen: El Universo<\/p><\/div>\n<p style=\"text-align: justify;\">El costo de la canasta b\u00e1sica familiar, fijado por el Instituto Nacional de Estad\u00edstica y Censos (INEC), asciende a $ 669,96 (con corte a noviembre pasado); mientras que el salario B\u00e1sico Unificado (SBU) acaba de ser fijado en $ 366 para 2016. Se trata de un desfase de $ 303,96, que gener\u00f3 opiniones contrarias entre los gremios de trabajadores afines y opuestos al r\u00e9gimen de Rafael Correa.<\/p>\n<p style=\"text-align: justify;\">\n<p style=\"text-align: justify;\">Dicha canasta est\u00e1 conformada por 75 productos de los 359 que conforman la canasta general de art\u00edculos con la que se mide el \u00c3\u008dndice de Precios (inflaci\u00f3n). Se los considera imprescindibles. Entre ellos est\u00e1n alimentos, bebidas, vivienda, ropa, zapatos y otros.<\/p>\n<p style=\"text-align: justify;\">\n<p style=\"text-align: justify;\">Ayer, Oswaldo Chica, presidente de la Central Unitaria de Trabajadores (CUT), af\u00edn al Gobierno, asegur\u00f3 que si bien es cierto que los trabajadores aspirar\u00edan a una mejor remuneraci\u00f3n, es necesario mirar el contexto nacional e indic\u00f3 que no habr\u00eda sido responsable\u009d un alza m\u00e1s importante. (I)<\/p>\n<p>&nbsp;<\/p>\n<p>Fuente: <a href=\"http:\/\/www.eluniverso.com\/noticias\/2015\/12\/23\/nota\/5312637\/desfase-salario-fijado-canasta-familiar-es-30396\">http:\/\/www.eluniverso.com\/noticias\/2015\/12\/23\/nota\/5312637\/desfase-salario-fijado-canasta-familiar-es-30396<\/a><\/p>\n","protected":false},"excerpt":{"rendered":"<p>&nbsp; El costo de la canasta b\u00e1sica familiar, fijado por el Instituto Nacional de Estad\u00edstica y Censos (INEC), asciende a $ 669,96 (con corte a noviembre pasado); mientras que el salario B\u00e1sico Unificado (SBU) acaba de ser fijado en $ 366 para 2016. Se trata de un desfase de $ 303,96, que gener\u00f3 opiniones contrarias entre los gremios de trabajadores afines y opuestos al r\u00e9gimen de Rafael Correa. Dicha canasta est\u00e1 conformada por 75 productos de los 359 que conforman la canasta general de art\u00edculos con la que se mide el \u00c3\u008dndice de Precios (inflaci\u00f3n). Se los considera imprescindibles. Entre ellos est\u00e1n alimentos, bebidas, vivienda, ropa, zapatos y otros. Ayer, Oswaldo Chica, presidente de la Central Unitaria de Trabajadores (CUT), af\u00edn al Gobierno, asegur\u00f3 que si bien es cierto que los trabajadores aspirar\u00edan a una mejor remuneraci\u00f3n, es necesario mirar el contexto nacional e indic\u00f3 que no habr\u00eda sido responsable\u009d un alza m\u00e1s importante. (I) &nbsp; Fuente: http:\/\/www.eluniverso.com\/noticias\/2015\/12\/23\/nota\/5312637\/desfase-salario-fijado-canasta-familiar-es-30396<\/p>\n","protected":false},"author":1,"featured_media":236837,"comment_status":"open","ping_status":"open","sticky":false,"template":"","format":"standard","meta":[],"categories":[54,43],"tags":[],"_links":{"self":[{"href":"https:\/\/www.ecuadortimes.net\/es\/wp-json\/wp\/v2\/posts\/236836"}],"collection":[{"href":"https:\/\/www.ecuadortimes.net\/es\/wp-json\/wp\/v2\/posts"}],"about":[{"href":"https:\/\/www.ecuadortimes.net\/es\/wp-json\/wp\/v2\/types\/post"}],"author":[{"embeddable":true,"href":"https:\/\/www.ecuadortimes.net\/es\/wp-json\/wp\/v2\/users\/1"}],"replies":[{"embeddable":true,"href":"https:\/\/www.ecuadortimes.net\/es\/wp-json\/wp\/v2\/comments?post=236836"}],"version-history":[{"count":0,"href":"https:\/\/www.ecuadortimes.net\/es\/wp-json\/wp\/v2\/posts\/236836\/revisions"}],"wp:featuredmedia":[{"embeddable":true,"href":"https:\/\/www.ecuadortimes.net\/es\/wp-json\/wp\/v2\/media\/236837"}],"wp:attachment":[{"href":"https:\/\/www.ecuadortimes.net\/es\/wp-json\/wp\/v2\/media?parent=236836"}],"wp:term":[{"taxonomy":"category","embeddable":true,"href":"https:\/\/www.ecuadortimes.net\/es\/wp-json\/wp\/v2\/categories?post=236836"},{"taxonomy":"post_tag","embeddable":true,"href":"https:\/\/www.ecuadortimes.net\/es\/wp-json\/wp\/v2\/tags?post=236836"}],"curies":[{"name":"wp","href":"https:\/\/api.w.org\/{rel}","templated":true}]}}