{"id":236838,"date":"2015-12-23T00:00:00","date_gmt":"2015-12-23T00:00:00","guid":{"rendered":"https:\/\/www.ecuadortimes.net\/es\/tierras-sin-fecha-para-su-votacion\/"},"modified":"2015-12-23T00:00:00","modified_gmt":"2015-12-23T00:00:00","slug":"tierras-sin-fecha-para-su-votacion","status":"publish","type":"post","link":"https:\/\/www.ecuadortimes.net\/es\/tierras-sin-fecha-para-su-votacion\/","title":{"rendered":"Tierras, sin fecha para su votaci\u00f3n"},"content":{"rendered":"<p>&nbsp;<\/p>\n<div id=\"attachment_171504\" style=\"width: 310px\" class=\"wp-caption aligncenter\"><img aria-describedby=\"caption-attachment-171504\" loading=\"lazy\" class=\"size-medium wp-image-171504\" src=\"https:\/\/www.ecuadortimes.net\/es\/wp-content\/uploads\/2015\/12\/LEY-DE-TIRRAS-ECUADORTIMES-ECUADORNEWS-300x178.jpg\" alt=\"Imagen: El Universo\" width=\"300\" height=\"178\" \/><p id=\"caption-attachment-171504\" class=\"wp-caption-text\">Imagen: El Universo<\/p><\/div>\n<p style=\"text-align: justify;\">El proyecto de Ley Org\u00e1nica de Tierras Rurales y Territorios Ancestrales a\u00fan no tiene fecha de aprobaci\u00f3n en el pleno; ayer fue el segundo d\u00eda del segundo debate y la sesi\u00f3n fue suspendida por la presidenta de la Asamblea, Gabriela Rivadeneira (AP), para una fecha hasta ahora indeterminada.<\/p>\n<p style=\"text-align: justify;\">\n<p style=\"text-align: justify;\">El oficialismo centr\u00f3 su debate en la participaci\u00f3n de organizaciones sociales en la consulta prelegislativa y en la construcci\u00f3n del proyecto en general, resalt\u00f3 las definiciones de funci\u00f3n social y ambiental de la tierra y que el proyecto contribuye a garantizar la seguridad y soberan\u00eda alimentaria.<\/p>\n<p style=\"text-align: justify;\">\n<p style=\"text-align: justify;\">La segunda vicepresidenta de la Asamblea, Marcela Agui\u00f1aga (AP), sostuvo que el proyecto permite luchar contra la concentraci\u00f3n de la tierra, iniciada con la aprobaci\u00f3n de la Constituci\u00f3n en el 2008. (I)<\/p>\n<p style=\"text-align: justify;\">\n<p style=\"text-align: justify;\">Fuente: <a href=\"http:\/\/www.eluniverso.com\/noticias\/2015\/12\/23\/nota\/5312289\/tierras-fecha-su-votacion\">http:\/\/www.eluniverso.com\/noticias\/2015\/12\/23\/nota\/5312289\/tierras-fecha-su-votacion<\/a><\/p>\n","protected":false},"excerpt":{"rendered":"<p>&nbsp; El proyecto de Ley Org\u00e1nica de Tierras Rurales y Territorios Ancestrales a\u00fan no tiene fecha de aprobaci\u00f3n en el pleno; ayer fue el segundo d\u00eda del segundo debate y la sesi\u00f3n fue suspendida por la presidenta de la Asamblea, Gabriela Rivadeneira (AP), para una fecha hasta ahora indeterminada. El oficialismo centr\u00f3 su debate en la participaci\u00f3n de organizaciones sociales en la consulta prelegislativa y en la construcci\u00f3n del proyecto en general, resalt\u00f3 las definiciones de funci\u00f3n social y ambiental de la tierra y que el proyecto contribuye a garantizar la seguridad y soberan\u00eda alimentaria. La segunda vicepresidenta de la Asamblea, Marcela Agui\u00f1aga (AP), sostuvo que el proyecto permite luchar contra la concentraci\u00f3n de la tierra, iniciada con la aprobaci\u00f3n de la Constituci\u00f3n en el 2008. (I) Fuente: http:\/\/www.eluniverso.com\/noticias\/2015\/12\/23\/nota\/5312289\/tierras-fecha-su-votacion<\/p>\n","protected":false},"author":1,"featured_media":236839,"comment_status":"open","ping_status":"open","sticky":false,"template":"","format":"standard","meta":[],"categories":[54,43],"tags":[],"_links":{"self":[{"href":"https:\/\/www.ecuadortimes.net\/es\/wp-json\/wp\/v2\/posts\/236838"}],"collection":[{"href":"https:\/\/www.ecuadortimes.net\/es\/wp-json\/wp\/v2\/posts"}],"about":[{"href":"https:\/\/www.ecuadortimes.net\/es\/wp-json\/wp\/v2\/types\/post"}],"author":[{"embeddable":true,"href":"https:\/\/www.ecuadortimes.net\/es\/wp-json\/wp\/v2\/users\/1"}],"replies":[{"embeddable":true,"href":"https:\/\/www.ecuadortimes.net\/es\/wp-json\/wp\/v2\/comments?post=236838"}],"version-history":[{"count":0,"href":"https:\/\/www.ecuadortimes.net\/es\/wp-json\/wp\/v2\/posts\/236838\/revisions"}],"wp:featuredmedia":[{"embeddable":true,"href":"https:\/\/www.ecuadortimes.net\/es\/wp-json\/wp\/v2\/media\/236839"}],"wp:attachment":[{"href":"https:\/\/www.ecuadortimes.net\/es\/wp-json\/wp\/v2\/media?parent=236838"}],"wp:term":[{"taxonomy":"category","embeddable":true,"href":"https:\/\/www.ecuadortimes.net\/es\/wp-json\/wp\/v2\/categories?post=236838"},{"taxonomy":"post_tag","embeddable":true,"href":"https:\/\/www.ecuadortimes.net\/es\/wp-json\/wp\/v2\/tags?post=236838"}],"curies":[{"name":"wp","href":"https:\/\/api.w.org\/{rel}","templated":true}]}}