{"id":236840,"date":"2015-12-24T00:00:00","date_gmt":"2015-12-24T00:00:00","guid":{"rendered":"https:\/\/www.ecuadortimes.net\/es\/correa-anuncio-que-se-retomaran-los-proyectos-de-leyes-de-herencia-y-plusvalia\/"},"modified":"2015-12-24T00:00:00","modified_gmt":"2015-12-24T00:00:00","slug":"correa-anuncio-que-se-retomaran-los-proyectos-de-leyes-de-herencia-y-plusvalia","status":"publish","type":"post","link":"https:\/\/www.ecuadortimes.net\/es\/correa-anuncio-que-se-retomaran-los-proyectos-de-leyes-de-herencia-y-plusvalia\/","title":{"rendered":"Correa anunci\u00f3 que se retomar\u00e1n los proyectos de leyes de herencia y plusval\u00eda"},"content":{"rendered":"<p>&nbsp;<\/p>\n<div id=\"attachment_171510\" style=\"width: 310px\" class=\"wp-caption aligncenter\"><img aria-describedby=\"caption-attachment-171510\" loading=\"lazy\" class=\"size-medium wp-image-171510\" src=\"https:\/\/www.ecuadortimes.net\/es\/wp-content\/uploads\/2015\/12\/Captura-de-pantalla-2015-12-24-a-las-10.04.06-a.m.-300x166.png\" alt=\"Image: El Comercio\" width=\"300\" height=\"166\" \/><p id=\"caption-attachment-171510\" class=\"wp-caption-text\">Image: El Comercio<\/p><\/div>\n<p style=\"text-align: justify;\">El presidente<strong> Rafael Correa<\/strong> volver\u00e1 a presentar a la<strong> Asamblea<\/strong> los proyectos de<strong> leyes de Herencia y Plusval\u00eda<\/strong>, el anunci\u00f3 lo hizo durante la ceremonia de posicionamiento de nuevos miembros de su gabinete.<\/p>\n<p style=\"text-align: justify;\">En el acto tambi\u00e9n se refiri\u00f3 <strong>las enmiendas a la Constituci\u00f3n<\/strong>, aprobadas por la Asamblea, el 3 de diciembre. Inst\u00f3 a los ciudadanos a que si durante el a\u00f1o que falta para las pr\u00f3ximas elecciones los ciudadanos notan que se vulnera alg\u00fan derecho no voten por nosotros\u009d. Pero, a la par, apunt\u00f3 que si eso no pasa, no voten nunca m\u00e1s por la oposici\u00f3n.<\/p>\n<p style=\"text-align: justify;\">Correa habl\u00f3 sobre las dificultades econ\u00f3micas por las que ha atravesado este a\u00f1o el pa\u00eds, debido a la <strong>ca\u00edda del precio del petr\u00f3leo<\/strong>. Sin embargo, enlist\u00f3 alguno de los logros pese a estas, como el <strong>pago de los Bonos Global<\/strong>. (I)<\/p>\n<p style=\"text-align: justify;\">\n<p style=\"text-align: justify;\">Fuente: <a href=\"http:\/\/www.elcomercio.com\/actualidad\/correa-retomaran-proyectos-leyes-herencia.html\">http:\/\/www.elcomercio.com\/actualidad\/correa-retomaran-proyectos-leyes-herencia.html<\/a><\/p>\n<p style=\"text-align: justify;\">\n","protected":false},"excerpt":{"rendered":"<p>&nbsp; El presidente Rafael Correa volver\u00e1 a presentar a la Asamblea los proyectos de leyes de Herencia y Plusval\u00eda, el anunci\u00f3 lo hizo durante la ceremonia de posicionamiento de nuevos miembros de su gabinete. En el acto tambi\u00e9n se refiri\u00f3 las enmiendas a la Constituci\u00f3n, aprobadas por la Asamblea, el 3 de diciembre. Inst\u00f3 a los ciudadanos a que si durante el a\u00f1o que falta para las pr\u00f3ximas elecciones los ciudadanos notan que se vulnera alg\u00fan derecho no voten por nosotros\u009d. Pero, a la par, apunt\u00f3 que si eso no pasa, no voten nunca m\u00e1s por la oposici\u00f3n. Correa habl\u00f3 sobre las dificultades econ\u00f3micas por las que ha atravesado este a\u00f1o el pa\u00eds, debido a la ca\u00edda del precio del petr\u00f3leo. Sin embargo, enlist\u00f3 alguno de los logros pese a estas, como el pago de los Bonos Global. (I) Fuente: http:\/\/www.elcomercio.com\/actualidad\/correa-retomaran-proyectos-leyes-herencia.html<\/p>\n","protected":false},"author":1,"featured_media":0,"comment_status":"open","ping_status":"open","sticky":false,"template":"","format":"standard","meta":[],"categories":[54,40],"tags":[],"_links":{"self":[{"href":"https:\/\/www.ecuadortimes.net\/es\/wp-json\/wp\/v2\/posts\/236840"}],"collection":[{"href":"https:\/\/www.ecuadortimes.net\/es\/wp-json\/wp\/v2\/posts"}],"about":[{"href":"https:\/\/www.ecuadortimes.net\/es\/wp-json\/wp\/v2\/types\/post"}],"author":[{"embeddable":true,"href":"https:\/\/www.ecuadortimes.net\/es\/wp-json\/wp\/v2\/users\/1"}],"replies":[{"embeddable":true,"href":"https:\/\/www.ecuadortimes.net\/es\/wp-json\/wp\/v2\/comments?post=236840"}],"version-history":[{"count":0,"href":"https:\/\/www.ecuadortimes.net\/es\/wp-json\/wp\/v2\/posts\/236840\/revisions"}],"wp:attachment":[{"href":"https:\/\/www.ecuadortimes.net\/es\/wp-json\/wp\/v2\/media?parent=236840"}],"wp:term":[{"taxonomy":"category","embeddable":true,"href":"https:\/\/www.ecuadortimes.net\/es\/wp-json\/wp\/v2\/categories?post=236840"},{"taxonomy":"post_tag","embeddable":true,"href":"https:\/\/www.ecuadortimes.net\/es\/wp-json\/wp\/v2\/tags?post=236840"}],"curies":[{"name":"wp","href":"https:\/\/api.w.org\/{rel}","templated":true}]}}