{"id":236845,"date":"2015-12-24T00:00:00","date_gmt":"2015-12-24T00:00:00","guid":{"rendered":"https:\/\/www.ecuadortimes.net\/es\/fiscalia-judicializo-siete-casos-de-dd-hh-y-lesa-humanidad\/"},"modified":"2015-12-24T00:00:00","modified_gmt":"2015-12-24T00:00:00","slug":"fiscalia-judicializo-siete-casos-de-dd-hh-y-lesa-humanidad","status":"publish","type":"post","link":"https:\/\/www.ecuadortimes.net\/es\/fiscalia-judicializo-siete-casos-de-dd-hh-y-lesa-humanidad\/","title":{"rendered":"Fiscal\u00eda judicializ\u00f3 siete casos de DD.HH. y lesa humanidad"},"content":{"rendered":"<p>&nbsp;<\/p>\n<div id=\"attachment_171524\" style=\"width: 310px\" class=\"wp-caption aligncenter\"><img aria-describedby=\"caption-attachment-171524\" loading=\"lazy\" class=\"size-medium wp-image-171524\" src=\"https:\/\/www.ecuadortimes.net\/es\/wp-content\/uploads\/2015\/12\/pr02c241215photo01-300x196.jpg\" alt=\"Imagen: El Universo\" width=\"300\" height=\"196\" \/><p id=\"caption-attachment-171524\" class=\"wp-caption-text\">Imagen: El Universo<\/p><\/div>\n<p style=\"text-align: justify;\">Prohibici\u00f3n de salida del pa\u00eds y prisi\u00f3n preventiva fue la decisi\u00f3n que el Tribunal de la <strong>Sala Penal de la Corte Nacional de Justicia<\/strong> adopt\u00f3 ayer contra las ocho personas que la Fiscal\u00eda vincul\u00f3 al caso que investiga la supuesta ejecuci\u00f3n extrajudicial de Amada Su\u00e1rez, madre adoptiva de Juan Fernando Hermosa, adolescente que fue acusado de la muerte de taxistas en la d\u00e9cada de los 90.<\/p>\n<p style=\"text-align: justify;\">\n<p style=\"text-align: justify;\">Lenin V., Jorge Z. y Efra\u00edn R., todos exoficiales que ocupaban altos cargos en la Polic\u00eda en 1992, a\u00f1o en el que se habr\u00eda cometido el presunto delito, y Felic\u00edsimo A., comisario segundo de Polic\u00eda de la \u00e9poca, recibieron la medida cautelar de no salir del pa\u00eds. (I)<\/p>\n<p style=\"text-align: justify;\">\n<p style=\"text-align: justify;\">Fuente: <a href=\"http:\/\/www.eluniverso.com\/noticias\/2015\/12\/24\/nota\/5314053\/fiscalia-judicializo-siete-casos-ddhh-lesa-humanidad\">http:\/\/www.eluniverso.com\/noticias\/2015\/12\/24\/nota\/5314053\/fiscalia-judicializo-siete-casos-ddhh-lesa-humanidad<\/a><\/p>\n","protected":false},"excerpt":{"rendered":"<p>&nbsp; Prohibici\u00f3n de salida del pa\u00eds y prisi\u00f3n preventiva fue la decisi\u00f3n que el Tribunal de la Sala Penal de la Corte Nacional de Justicia adopt\u00f3 ayer contra las ocho personas que la Fiscal\u00eda vincul\u00f3 al caso que investiga la supuesta ejecuci\u00f3n extrajudicial de Amada Su\u00e1rez, madre adoptiva de Juan Fernando Hermosa, adolescente que fue acusado de la muerte de taxistas en la d\u00e9cada de los 90. Lenin V., Jorge Z. y Efra\u00edn R., todos exoficiales que ocupaban altos cargos en la Polic\u00eda en 1992, a\u00f1o en el que se habr\u00eda cometido el presunto delito, y Felic\u00edsimo A., comisario segundo de Polic\u00eda de la \u00e9poca, recibieron la medida cautelar de no salir del pa\u00eds. (I) Fuente: http:\/\/www.eluniverso.com\/noticias\/2015\/12\/24\/nota\/5314053\/fiscalia-judicializo-siete-casos-ddhh-lesa-humanidad<\/p>\n","protected":false},"author":1,"featured_media":236846,"comment_status":"open","ping_status":"open","sticky":false,"template":"","format":"standard","meta":[],"categories":[35],"tags":[],"_links":{"self":[{"href":"https:\/\/www.ecuadortimes.net\/es\/wp-json\/wp\/v2\/posts\/236845"}],"collection":[{"href":"https:\/\/www.ecuadortimes.net\/es\/wp-json\/wp\/v2\/posts"}],"about":[{"href":"https:\/\/www.ecuadortimes.net\/es\/wp-json\/wp\/v2\/types\/post"}],"author":[{"embeddable":true,"href":"https:\/\/www.ecuadortimes.net\/es\/wp-json\/wp\/v2\/users\/1"}],"replies":[{"embeddable":true,"href":"https:\/\/www.ecuadortimes.net\/es\/wp-json\/wp\/v2\/comments?post=236845"}],"version-history":[{"count":0,"href":"https:\/\/www.ecuadortimes.net\/es\/wp-json\/wp\/v2\/posts\/236845\/revisions"}],"wp:featuredmedia":[{"embeddable":true,"href":"https:\/\/www.ecuadortimes.net\/es\/wp-json\/wp\/v2\/media\/236846"}],"wp:attachment":[{"href":"https:\/\/www.ecuadortimes.net\/es\/wp-json\/wp\/v2\/media?parent=236845"}],"wp:term":[{"taxonomy":"category","embeddable":true,"href":"https:\/\/www.ecuadortimes.net\/es\/wp-json\/wp\/v2\/categories?post=236845"},{"taxonomy":"post_tag","embeddable":true,"href":"https:\/\/www.ecuadortimes.net\/es\/wp-json\/wp\/v2\/tags?post=236845"}],"curies":[{"name":"wp","href":"https:\/\/api.w.org\/{rel}","templated":true}]}}