{"id":236854,"date":"2015-12-24T00:00:00","date_gmt":"2015-12-24T00:00:00","guid":{"rendered":"https:\/\/www.ecuadortimes.net\/es\/el-gobierno-pago-el-decimo-dos-dias-antes-de-que-venciera-el-plazo-de-la-ley\/"},"modified":"2015-12-24T00:00:00","modified_gmt":"2015-12-24T00:00:00","slug":"el-gobierno-pago-el-decimo-dos-dias-antes-de-que-venciera-el-plazo-de-la-ley","status":"publish","type":"post","link":"https:\/\/www.ecuadortimes.net\/es\/el-gobierno-pago-el-decimo-dos-dias-antes-de-que-venciera-el-plazo-de-la-ley\/","title":{"rendered":"El Gobierno pag\u00f3 el d\u00e9cimo dos d\u00edas antes de que venciera el plazo de la ley"},"content":{"rendered":"<h2><\/h2>\n<p style=\"text-align: justify;\"><img loading=\"lazy\" class=\"alignleft size-medium wp-image-171547\" src=\"https:\/\/www.ecuadortimes.net\/es\/wp-content\/uploads\/2015\/12\/atrasosueldos-ecuadortimes-ecuadornews-1-300x225.jpg\" alt=\"atrasosueldos-ecuadortimes-ecuadornews\" width=\"300\" height=\"225\" \/>Desde el s\u00e1bado, los mensajes del pago del <strong>d\u00e9cimo tercer sueldo<\/strong> &#8220;a todos los <strong>empleados<\/strong> del <strong>sector p\u00fablico<\/strong>&#8221; comenzaron a ser publicados en las cuentas de la red social Twitter de los ministerios.<\/p>\n<p style=\"text-align: justify;\">Hasta la Polic\u00eda colg\u00f3 el martes un comunicado en el que indicaba que el d\u00e9cimo hab\u00eda sido pagado el viernes 18, con el que pretend\u00eda acallar los m\u00faltiples rumores de que no hab\u00eda sido cancelado.<\/p>\n<p style=\"text-align: justify;\">Tambi\u00e9n el Instituto de Seguridad Social de las Fuerzas Armadas (Issfa) inform\u00f3 de la cancelaci\u00f3n de este beneficio econ\u00f3mico en esta semana.<\/p>\n<p style=\"text-align: justify;\">Seg\u00fan el art\u00edculo 60 de la Ley Org\u00e1nica para la Justicia Laboral y reconocimiento del trabajo en el hogar, la d\u00e9cima tercera remuneraci\u00f3n, en caso de no ser mensualizada, debe ser cancelada hasta el 20 de diciembre. En el caso de algunos municipios, el pago fue efectuado reci\u00e9n en esta semana y en otros, todav\u00eda hay valores pendientes con algunos empleados. Se espera pagarlo la pr\u00f3xima semana.<\/p>\n<p style=\"text-align: justify;\">Fuente:\u00a0http:\/\/expreso.ec\/expreso\/plantillas\/nota_print.aspx?idArt=8767212&amp;tipo=2<\/p>\n","protected":false},"excerpt":{"rendered":"<p>Desde el s\u00e1bado, los mensajes del pago del d\u00e9cimo tercer sueldo &#8220;a todos los empleados del sector p\u00fablico&#8221; comenzaron a ser publicados en las cuentas de la red social Twitter de los ministerios. Hasta la Polic\u00eda colg\u00f3 el martes un comunicado en el que indicaba que el d\u00e9cimo hab\u00eda sido pagado el viernes 18, con el que pretend\u00eda acallar los m\u00faltiples rumores de que no hab\u00eda sido cancelado. Tambi\u00e9n el Instituto de Seguridad Social de las Fuerzas Armadas (Issfa) inform\u00f3 de la cancelaci\u00f3n de este beneficio econ\u00f3mico en esta semana. Seg\u00fan el art\u00edculo 60 de la Ley Org\u00e1nica para la Justicia Laboral y reconocimiento del trabajo en el hogar, la d\u00e9cima tercera remuneraci\u00f3n, en caso de no ser mensualizada, debe ser cancelada hasta el 20 de diciembre. En el caso de algunos municipios, el pago fue efectuado reci\u00e9n en esta semana y en otros, todav\u00eda hay valores pendientes con algunos empleados. Se espera pagarlo la pr\u00f3xima semana. Fuente:\u00a0http:\/\/expreso.ec\/expreso\/plantillas\/nota_print.aspx?idArt=8767212&amp;tipo=2<\/p>\n","protected":false},"author":1,"featured_media":236855,"comment_status":"open","ping_status":"open","sticky":false,"template":"","format":"standard","meta":[],"categories":[40,37],"tags":[],"_links":{"self":[{"href":"https:\/\/www.ecuadortimes.net\/es\/wp-json\/wp\/v2\/posts\/236854"}],"collection":[{"href":"https:\/\/www.ecuadortimes.net\/es\/wp-json\/wp\/v2\/posts"}],"about":[{"href":"https:\/\/www.ecuadortimes.net\/es\/wp-json\/wp\/v2\/types\/post"}],"author":[{"embeddable":true,"href":"https:\/\/www.ecuadortimes.net\/es\/wp-json\/wp\/v2\/users\/1"}],"replies":[{"embeddable":true,"href":"https:\/\/www.ecuadortimes.net\/es\/wp-json\/wp\/v2\/comments?post=236854"}],"version-history":[{"count":0,"href":"https:\/\/www.ecuadortimes.net\/es\/wp-json\/wp\/v2\/posts\/236854\/revisions"}],"wp:featuredmedia":[{"embeddable":true,"href":"https:\/\/www.ecuadortimes.net\/es\/wp-json\/wp\/v2\/media\/236855"}],"wp:attachment":[{"href":"https:\/\/www.ecuadortimes.net\/es\/wp-json\/wp\/v2\/media?parent=236854"}],"wp:term":[{"taxonomy":"category","embeddable":true,"href":"https:\/\/www.ecuadortimes.net\/es\/wp-json\/wp\/v2\/categories?post=236854"},{"taxonomy":"post_tag","embeddable":true,"href":"https:\/\/www.ecuadortimes.net\/es\/wp-json\/wp\/v2\/tags?post=236854"}],"curies":[{"name":"wp","href":"https:\/\/api.w.org\/{rel}","templated":true}]}}