{"id":236856,"date":"2015-12-24T00:00:00","date_gmt":"2015-12-24T00:00:00","guid":{"rendered":"https:\/\/www.ecuadortimes.net\/es\/el-cne-advierte-a-partidos-medios-y-autoridades\/"},"modified":"2015-12-24T00:00:00","modified_gmt":"2015-12-24T00:00:00","slug":"el-cne-advierte-a-partidos-medios-y-autoridades","status":"publish","type":"post","link":"https:\/\/www.ecuadortimes.net\/es\/el-cne-advierte-a-partidos-medios-y-autoridades\/","title":{"rendered":"El CNE advierte a partidos, medios y autoridades"},"content":{"rendered":"<p><img loading=\"lazy\" class=\"alignleft size-medium wp-image-171550\" src=\"https:\/\/www.ecuadortimes.net\/es\/wp-content\/uploads\/2015\/12\/cnepartidos-ecuadortimes-ecuadornews-300x300.jpg\" alt=\"cnepartidos-ecuadortimes-ecuadornews\" width=\"300\" height=\"300\" \/>Los pedidos de las organizaciones pol\u00edticas tuvieron eco. El <strong>Consejo Nacional Electoral (CNE)<\/strong> ampliar\u00e1 el control sobre la precampa\u00f1a o campa\u00f1a electoral anticipada.<\/p>\n<p>Lo decidi\u00f3 ayer el pleno del organismo.<\/p>\n<p>La semana pasada, la oposici\u00f3n pidi\u00f3 vigilar el uso de recursos p\u00fablicos en la promoci\u00f3n personal. Y el oficialismo plante\u00f3 una veedur\u00eda a la campa\u00f1a anticipada que atribuye a <strong>Guillermo Lasso<\/strong>, l\u00edder de <strong>CREO<\/strong>.<\/p>\n<p>As\u00ed, el Consejo estableci\u00f3 una nueva obligaci\u00f3n para las organizaciones pol\u00edticas. Deber\u00e1n, dice la resoluci\u00f3n aprobada, reportar todos los gastos electorales, aun si estos fueren contratados con anterioridad a la convocatoria a las elecciones.<\/p>\n<p>Y advierte que se imputar\u00e1n los gastos correspondientes a los de precampa\u00f1a o campa\u00f1a anticipada, con miras a los comicios de 2017, en los rubros de gastos y promoci\u00f3n electoral, seg\u00fan el caso.<\/p>\n<p>Los ciudadanos podr\u00e1n denunciar las infracciones electorales en el CNE o en el Tribunal Contencioso Electoral. Estas se procesar\u00e1n cuando el candidato sea calificado.<\/p>\n<p>Adem\u00e1s el Consejo hizo extensivas sus prohibiciones a los medios de comunicaci\u00f3n. No pueden, dice la resoluci\u00f3n del organismo, hacer &#8220;promoci\u00f3n directa o indirecta que tienda a incidir a favor o en contra de determinado candidato, postulado, opciones, preferencias electorales o tesis pol\u00edtica&#8221;.<\/p>\n","protected":false},"excerpt":{"rendered":"<p>Los pedidos de las organizaciones pol\u00edticas tuvieron eco. El Consejo Nacional Electoral (CNE) ampliar\u00e1 el control sobre la precampa\u00f1a o campa\u00f1a electoral anticipada. Lo decidi\u00f3 ayer el pleno del organismo. La semana pasada, la oposici\u00f3n pidi\u00f3 vigilar el uso de recursos p\u00fablicos en la promoci\u00f3n personal. Y el oficialismo plante\u00f3 una veedur\u00eda a la campa\u00f1a anticipada que atribuye a Guillermo Lasso, l\u00edder de CREO. As\u00ed, el Consejo estableci\u00f3 una nueva obligaci\u00f3n para las organizaciones pol\u00edticas. Deber\u00e1n, dice la resoluci\u00f3n aprobada, reportar todos los gastos electorales, aun si estos fueren contratados con anterioridad a la convocatoria a las elecciones. Y advierte que se imputar\u00e1n los gastos correspondientes a los de precampa\u00f1a o campa\u00f1a anticipada, con miras a los comicios de 2017, en los rubros de gastos y promoci\u00f3n electoral, seg\u00fan el caso. Los ciudadanos podr\u00e1n denunciar las infracciones electorales en el CNE o en el Tribunal Contencioso Electoral. Estas se procesar\u00e1n cuando el candidato sea calificado. Adem\u00e1s el Consejo hizo extensivas sus prohibiciones a los medios de comunicaci\u00f3n. No pueden, dice la resoluci\u00f3n del organismo, hacer &#8220;promoci\u00f3n directa o indirecta que tienda a incidir a favor o en contra de determinado candidato, postulado, opciones, preferencias electorales o tesis pol\u00edtica&#8221;.<\/p>\n","protected":false},"author":1,"featured_media":236857,"comment_status":"open","ping_status":"open","sticky":false,"template":"","format":"standard","meta":[],"categories":[40,37],"tags":[],"_links":{"self":[{"href":"https:\/\/www.ecuadortimes.net\/es\/wp-json\/wp\/v2\/posts\/236856"}],"collection":[{"href":"https:\/\/www.ecuadortimes.net\/es\/wp-json\/wp\/v2\/posts"}],"about":[{"href":"https:\/\/www.ecuadortimes.net\/es\/wp-json\/wp\/v2\/types\/post"}],"author":[{"embeddable":true,"href":"https:\/\/www.ecuadortimes.net\/es\/wp-json\/wp\/v2\/users\/1"}],"replies":[{"embeddable":true,"href":"https:\/\/www.ecuadortimes.net\/es\/wp-json\/wp\/v2\/comments?post=236856"}],"version-history":[{"count":0,"href":"https:\/\/www.ecuadortimes.net\/es\/wp-json\/wp\/v2\/posts\/236856\/revisions"}],"wp:featuredmedia":[{"embeddable":true,"href":"https:\/\/www.ecuadortimes.net\/es\/wp-json\/wp\/v2\/media\/236857"}],"wp:attachment":[{"href":"https:\/\/www.ecuadortimes.net\/es\/wp-json\/wp\/v2\/media?parent=236856"}],"wp:term":[{"taxonomy":"category","embeddable":true,"href":"https:\/\/www.ecuadortimes.net\/es\/wp-json\/wp\/v2\/categories?post=236856"},{"taxonomy":"post_tag","embeddable":true,"href":"https:\/\/www.ecuadortimes.net\/es\/wp-json\/wp\/v2\/tags?post=236856"}],"curies":[{"name":"wp","href":"https:\/\/api.w.org\/{rel}","templated":true}]}}