{"id":236858,"date":"2015-12-28T00:00:00","date_gmt":"2015-12-28T00:00:00","guid":{"rendered":"https:\/\/www.ecuadortimes.net\/es\/saldos-rojos-y-deudas-marcan-las-exportaciones-en-el-2015\/"},"modified":"2015-12-28T00:00:00","modified_gmt":"2015-12-28T00:00:00","slug":"saldos-rojos-y-deudas-marcan-las-exportaciones-en-el-2015","status":"publish","type":"post","link":"https:\/\/www.ecuadortimes.net\/es\/saldos-rojos-y-deudas-marcan-las-exportaciones-en-el-2015\/","title":{"rendered":"Saldos rojos y deudas marcan las exportaciones en el 2015"},"content":{"rendered":"<p>&nbsp;<\/p>\n<div id=\"attachment_171554\" style=\"width: 310px\" class=\"wp-caption alignright\"><img aria-describedby=\"caption-attachment-171554\" loading=\"lazy\" class=\"size-medium wp-image-171554\" src=\"https:\/\/www.ecuadortimes.net\/es\/wp-content\/uploads\/2015\/12\/EXPORTACIONES2015-ECUADORTIMES-ECUADORNEWS-300x225.jpg\" alt=\"Imagen: El Universo\" width=\"300\" height=\"225\" \/><p id=\"caption-attachment-171554\" class=\"wp-caption-text\">Imagen: El Universo<\/p><\/div>\n<p style=\"text-align: justify;\">Seg\u00fan las cifras del <strong>Banco Central (BCE)<\/strong>, las exportaciones no petroleras de enero a octubre de este a\u00f1o bajaron 5,8% en relaci\u00f3n con el 2014. Y en total (incluyendo las petroleras) la disminuci\u00f3n marca el 28,8%.<\/p>\n<p style=\"text-align: justify;\">\n<p style=\"text-align: justify;\">Pero, seg\u00fan representantes del sector, la ca\u00edda podr\u00eda ser mayor hasta el t\u00e9rmino del a\u00f1o, debido en algunos casos al encarecimiento del d\u00f3lar, la ca\u00edda de commodities (materias primas) y el incremento de los costos de producci\u00f3n.<\/p>\n<p style=\"text-align: justify;\">\n<p style=\"text-align: justify;\">En el caso de las flores, las exportaciones cerrar\u00edan con -8% en este a\u00f1o, siendo el mercado ruso el que registrar\u00eda la m\u00e1s importante baja con el -30%, mientras que el de la<strong> Uni\u00f3n Europea (UE)<\/strong> decrecer\u00eda entre el 10% y 12%, de acuerdo con la proyecci\u00f3n de Alejandro Mart\u00ednez, presidente de la <strong>Asociaci\u00f3n de Productores y Exportadores de Flores del Ecuador<\/strong>. \u00c3\u0089l estima que en este a\u00f1o se exportaron $ 750 millones, $ 50 millones menos que en 2014 y se proyecta el -5% para 2016.<\/p>\n<p style=\"text-align: justify;\">\n<p style=\"text-align: justify;\">En tanto que en las exportaciones tradicionales, solo el banano y el cacao muestran crecimiento en sus ventas al exterior, con la observaci\u00f3n de este \u00faltimo sector de que el aumento reflejado es inferior al proyectado a inicios de a\u00f1o.<\/p>\n<p style=\"text-align: justify;\">\n<p style=\"text-align: justify;\">Iv\u00e1n Ontaneda, presidente de la <strong>Asociaci\u00f3n Nacional de Exportadores de Cacao del Ecuador (Anecacao)<\/strong>, menciona que este a\u00f1o cerrar\u00e1n con 250.000 toneladas exportadas, 10.000 m\u00e1s que en 2014, pero por debajo de las proyecciones y el crecimiento de entre el 8% y 10% que han mantenido en los \u00faltimos diez a\u00f1os.<\/p>\n<p style=\"text-align: justify;\">\n<p style=\"text-align: justify;\">En caf\u00e9 y sus elaborados, seg\u00fan cifras del Central (de enero a octubre), se exportaron $ 31 millones menos que en 2014. (I)<\/p>\n<p style=\"text-align: justify;\">\n<p style=\"text-align: justify;\">Fuente: <a href=\"http:\/\/www.eluniverso.com\/noticias\/2015\/12\/28\/nota\/5318008\/saldos-rojos-deudas-marcan-exportaciones-2015\">http:\/\/www.eluniverso.com\/noticias\/2015\/12\/28\/nota\/5318008\/saldos-rojos-deudas-marcan-exportaciones-2015<\/a><\/p>\n","protected":false},"excerpt":{"rendered":"<p>&nbsp; Seg\u00fan las cifras del Banco Central (BCE), las exportaciones no petroleras de enero a octubre de este a\u00f1o bajaron 5,8% en relaci\u00f3n con el 2014. Y en total (incluyendo las petroleras) la disminuci\u00f3n marca el 28,8%. Pero, seg\u00fan representantes del sector, la ca\u00edda podr\u00eda ser mayor hasta el t\u00e9rmino del a\u00f1o, debido en algunos casos al encarecimiento del d\u00f3lar, la ca\u00edda de commodities (materias primas) y el incremento de los costos de producci\u00f3n. En el caso de las flores, las exportaciones cerrar\u00edan con -8% en este a\u00f1o, siendo el mercado ruso el que registrar\u00eda la m\u00e1s importante baja con el -30%, mientras que el de la Uni\u00f3n Europea (UE) decrecer\u00eda entre el 10% y 12%, de acuerdo con la proyecci\u00f3n de Alejandro Mart\u00ednez, presidente de la Asociaci\u00f3n de Productores y Exportadores de Flores del Ecuador. \u00c3\u0089l estima que en este a\u00f1o se exportaron $ 750 millones, $ 50 millones menos que en 2014 y se proyecta el -5% para 2016. En tanto que en las exportaciones tradicionales, solo el banano y el cacao muestran crecimiento en sus ventas al exterior, con la observaci\u00f3n de este \u00faltimo sector de que el aumento reflejado es inferior al proyectado a inicios de a\u00f1o. Iv\u00e1n Ontaneda, presidente de la Asociaci\u00f3n Nacional de Exportadores de Cacao del Ecuador (Anecacao), menciona que este a\u00f1o cerrar\u00e1n con 250.000 toneladas exportadas, 10.000 m\u00e1s que en 2014, pero por debajo de las proyecciones y el crecimiento de entre el 8% y 10% que han mantenido en los \u00faltimos diez a\u00f1os. En caf\u00e9 y sus elaborados, seg\u00fan cifras del Central (de enero a octubre), se exportaron $ 31 millones menos que en 2014. (I) Fuente: http:\/\/www.eluniverso.com\/noticias\/2015\/12\/28\/nota\/5318008\/saldos-rojos-deudas-marcan-exportaciones-2015<\/p>\n","protected":false},"author":1,"featured_media":236859,"comment_status":"open","ping_status":"open","sticky":false,"template":"","format":"standard","meta":[],"categories":[54,43],"tags":[],"_links":{"self":[{"href":"https:\/\/www.ecuadortimes.net\/es\/wp-json\/wp\/v2\/posts\/236858"}],"collection":[{"href":"https:\/\/www.ecuadortimes.net\/es\/wp-json\/wp\/v2\/posts"}],"about":[{"href":"https:\/\/www.ecuadortimes.net\/es\/wp-json\/wp\/v2\/types\/post"}],"author":[{"embeddable":true,"href":"https:\/\/www.ecuadortimes.net\/es\/wp-json\/wp\/v2\/users\/1"}],"replies":[{"embeddable":true,"href":"https:\/\/www.ecuadortimes.net\/es\/wp-json\/wp\/v2\/comments?post=236858"}],"version-history":[{"count":0,"href":"https:\/\/www.ecuadortimes.net\/es\/wp-json\/wp\/v2\/posts\/236858\/revisions"}],"wp:featuredmedia":[{"embeddable":true,"href":"https:\/\/www.ecuadortimes.net\/es\/wp-json\/wp\/v2\/media\/236859"}],"wp:attachment":[{"href":"https:\/\/www.ecuadortimes.net\/es\/wp-json\/wp\/v2\/media?parent=236858"}],"wp:term":[{"taxonomy":"category","embeddable":true,"href":"https:\/\/www.ecuadortimes.net\/es\/wp-json\/wp\/v2\/categories?post=236858"},{"taxonomy":"post_tag","embeddable":true,"href":"https:\/\/www.ecuadortimes.net\/es\/wp-json\/wp\/v2\/tags?post=236858"}],"curies":[{"name":"wp","href":"https:\/\/api.w.org\/{rel}","templated":true}]}}