{"id":236860,"date":"2015-12-28T00:00:00","date_gmt":"2015-12-28T00:00:00","guid":{"rendered":"https:\/\/www.ecuadortimes.net\/es\/la-asamblea-aprobo-catorce-leyes-en-este-ano-y-la-mayoria-son-de-autoria-presidencial\/"},"modified":"2015-12-28T00:00:00","modified_gmt":"2015-12-28T00:00:00","slug":"la-asamblea-aprobo-catorce-leyes-en-este-ano-y-la-mayoria-son-de-autoria-presidencial","status":"publish","type":"post","link":"https:\/\/www.ecuadortimes.net\/es\/la-asamblea-aprobo-catorce-leyes-en-este-ano-y-la-mayoria-son-de-autoria-presidencial\/","title":{"rendered":"La Asamblea aprob\u00f3 catorce leyes en este a\u00f1o y la mayor\u00eda son de autor\u00eda presidencial"},"content":{"rendered":"<p>&nbsp;<\/p>\n<div id=\"attachment_171561\" style=\"width: 310px\" class=\"wp-caption alignright\"><img aria-describedby=\"caption-attachment-171561\" loading=\"lazy\" class=\"size-medium wp-image-171561\" src=\"https:\/\/www.ecuadortimes.net\/es\/wp-content\/uploads\/2015\/12\/LEYES-ECUADORTIMES-ECUADORNEWS-300x200.jpg\" alt=\"Imagen: El Universo\" width=\"300\" height=\"200\" \/><p id=\"caption-attachment-171561\" class=\"wp-caption-text\">Imagen: El Universo<\/p><\/div>\n<p style=\"text-align: justify;\">De catorce leyes, nueve fueron iniciativa del <strong>presidente Rafael Correa<\/strong>, tres de asamble\u00edstas oficialistas, una de la aliada Silvia Salgado y la otra del <strong>Consejo de la Judicatura.<\/strong><\/p>\n<p style=\"text-align: justify;\">La lista de esas leyes incluye el proyecto de <strong>Ley Org\u00e1nica de Gesti\u00f3n de la Identidad y Datos Civiles<\/strong>, que a\u00fan no tiene el pronunciamiento del Ejecutivo y excluye las resoluciones de dos vetos en enero y febrero de leyes aprobadas en el 2014 por el pleno: la <strong>Ley Org\u00e1nica de Servicio P\u00fablico de Energ\u00eda El\u00e9ctrica y la Ley Org\u00e1nica de Telecomunicaciones.<\/strong><\/p>\n<p style=\"text-align: justify;\">Desde el Ejecutivo llegaron las reformas a la<strong> Ley de Personal de las Fuerzas Armadas,<\/strong> al Instituto Nacional de Investigaci\u00f3n Agropecuaria y la derogatoria de la Ley Especial del Sector Cafetalero, las reformas laborales y a la Seguridad Social denominadas Justicia Laboral y Reconocimiento del Trabajo en el Hogar.<\/p>\n<p style=\"text-align: justify;\">Adem\u00e1s, la Ley de Remisi\u00f3n, Intereses, Multas y Recargos, la Ley de R\u00e9gimen Especial de Gal\u00e1pagos, reformas a la Ley Org\u00e1nica de Educaci\u00f3n Intercultural, reformas al C\u00f3digo Org\u00e1nico Integral Penal, Ley de Servicios Postales y Ley Org\u00e1nica de Incentivos para Asociaciones P\u00fablico-Privadas y la Inversi\u00f3n Extranjera. (I)<\/p>\n<p>&nbsp;<\/p>\n<p>Fuente: <a href=\"http:\/\/www.eluniverso.com\/noticias\/2015\/12\/28\/nota\/5318065\/mayoria-leyes-que-rigen-este-ano-son-autoria-presidencial\">http:\/\/www.eluniverso.com\/noticias\/2015\/12\/28\/nota\/5318065\/mayoria-leyes-que-rigen-este-ano-son-autoria-presidencial<\/a><\/p>\n<p>&nbsp;<\/p>\n","protected":false},"excerpt":{"rendered":"<p>&nbsp; De catorce leyes, nueve fueron iniciativa del presidente Rafael Correa, tres de asamble\u00edstas oficialistas, una de la aliada Silvia Salgado y la otra del Consejo de la Judicatura. La lista de esas leyes incluye el proyecto de Ley Org\u00e1nica de Gesti\u00f3n de la Identidad y Datos Civiles, que a\u00fan no tiene el pronunciamiento del Ejecutivo y excluye las resoluciones de dos vetos en enero y febrero de leyes aprobadas en el 2014 por el pleno: la Ley Org\u00e1nica de Servicio P\u00fablico de Energ\u00eda El\u00e9ctrica y la Ley Org\u00e1nica de Telecomunicaciones. Desde el Ejecutivo llegaron las reformas a la Ley de Personal de las Fuerzas Armadas, al Instituto Nacional de Investigaci\u00f3n Agropecuaria y la derogatoria de la Ley Especial del Sector Cafetalero, las reformas laborales y a la Seguridad Social denominadas Justicia Laboral y Reconocimiento del Trabajo en el Hogar. Adem\u00e1s, la Ley de Remisi\u00f3n, Intereses, Multas y Recargos, la Ley de R\u00e9gimen Especial de Gal\u00e1pagos, reformas a la Ley Org\u00e1nica de Educaci\u00f3n Intercultural, reformas al C\u00f3digo Org\u00e1nico Integral Penal, Ley de Servicios Postales y Ley Org\u00e1nica de Incentivos para Asociaciones P\u00fablico-Privadas y la Inversi\u00f3n Extranjera. (I) &nbsp; Fuente: http:\/\/www.eluniverso.com\/noticias\/2015\/12\/28\/nota\/5318065\/mayoria-leyes-que-rigen-este-ano-son-autoria-presidencial &nbsp;<\/p>\n","protected":false},"author":1,"featured_media":236861,"comment_status":"open","ping_status":"open","sticky":false,"template":"","format":"standard","meta":[],"categories":[54,40],"tags":[],"_links":{"self":[{"href":"https:\/\/www.ecuadortimes.net\/es\/wp-json\/wp\/v2\/posts\/236860"}],"collection":[{"href":"https:\/\/www.ecuadortimes.net\/es\/wp-json\/wp\/v2\/posts"}],"about":[{"href":"https:\/\/www.ecuadortimes.net\/es\/wp-json\/wp\/v2\/types\/post"}],"author":[{"embeddable":true,"href":"https:\/\/www.ecuadortimes.net\/es\/wp-json\/wp\/v2\/users\/1"}],"replies":[{"embeddable":true,"href":"https:\/\/www.ecuadortimes.net\/es\/wp-json\/wp\/v2\/comments?post=236860"}],"version-history":[{"count":0,"href":"https:\/\/www.ecuadortimes.net\/es\/wp-json\/wp\/v2\/posts\/236860\/revisions"}],"wp:featuredmedia":[{"embeddable":true,"href":"https:\/\/www.ecuadortimes.net\/es\/wp-json\/wp\/v2\/media\/236861"}],"wp:attachment":[{"href":"https:\/\/www.ecuadortimes.net\/es\/wp-json\/wp\/v2\/media?parent=236860"}],"wp:term":[{"taxonomy":"category","embeddable":true,"href":"https:\/\/www.ecuadortimes.net\/es\/wp-json\/wp\/v2\/categories?post=236860"},{"taxonomy":"post_tag","embeddable":true,"href":"https:\/\/www.ecuadortimes.net\/es\/wp-json\/wp\/v2\/tags?post=236860"}],"curies":[{"name":"wp","href":"https:\/\/api.w.org\/{rel}","templated":true}]}}