{"id":236876,"date":"2015-12-28T00:00:00","date_gmt":"2015-12-28T00:00:00","guid":{"rendered":"https:\/\/www.ecuadortimes.net\/es\/un-anticipo-a-la-renta-mas-real\/"},"modified":"2015-12-28T00:00:00","modified_gmt":"2015-12-28T00:00:00","slug":"un-anticipo-a-la-renta-mas-real","status":"publish","type":"post","link":"https:\/\/www.ecuadortimes.net\/es\/un-anticipo-a-la-renta-mas-real\/","title":{"rendered":"Un anticipo a la renta m\u00e1s real"},"content":{"rendered":"<p><img loading=\"lazy\" class=\"size-medium wp-image-171603 alignright\" src=\"https:\/\/www.ecuadortimes.net\/es\/wp-content\/uploads\/2015\/12\/Eduardo-Egas-ecuadortimes-ecuadornews-300x226.jpg\" alt=\"Eduardo-Egas- ecuadortimes-ecuadornews\" width=\"300\" height=\"226\" \/>Durante una entrevista publicada en diario Expreso, <strong>Eduardo Egas,<\/strong> <strong>ministro de Industrias y Productividad<\/strong>, responde algunos interrogantes sobre la <strong>econom\u00eda<\/strong> del pa\u00eds.<\/p>\n<p><strong>Incentivos<\/strong><\/p>\n<p><strong>Tributos<\/strong><\/p>\n<p>&#8220;El Gobierno ha decidido eliminar el anticipo del <strong>Impuesto a la Renta<\/strong> (IR) de las empresas con problemas de producci\u00f3n. Para las dem\u00e1s empresas que s\u00ed tienen que pagar el anticipo del IR &#8220;se va adecuar a las realidades existentes&#8221;.<\/p>\n<p><strong>IESS<\/strong><\/p>\n<p>Habr\u00e1 flexibilidad para el pago del aporte patronal al <strong>Instituto Ecuatoriano de Seguridad Social<\/strong> (IESS), para las empresas que son proveedoras del Gobierno y que a\u00fan esperan el pago de sus facturas. Las empresas que firmen una alianza p\u00fablico-privada tendr\u00e1n amnist\u00eda con el IESS.<\/p>\n<p><strong>Maresa<\/strong><\/p>\n<p>Maresa suspendi\u00f3 su planta de ensamblaje y despidi\u00f3 a los trabajadores. &#8220;La industria busca ensamblar otras marcas y otros modelos. El incentivo y la garant\u00eda que da el Gobierno es que cuando est\u00e9n listos para ensamblar, nuevamente podr\u00e1n contar con el cupo necesario para importar las piezas&#8221;.<\/p>\n<p><strong>Los planes<\/strong><\/p>\n<p><strong>El 2016<\/strong><\/p>\n<p>&#8220;Vamos a lanzar un programa de apoyo al emprendimiento e innovaci\u00f3n. Tambi\u00e9n vamos a dar impulso a las pol\u00edticas agroindustriales, para acelerar el cambio de la matriz productiva. Un ejemplo de ello es el sector cacaotero, que ya no solo exporta materia prima, sino productos con valor agregado&#8221;.<\/p>\n<p><strong>Matriz productiva<\/strong><\/p>\n<p>Cuando las ocho <strong>hidroel\u00e9ctricas<\/strong> empiecen a funcionar, se reemplazar\u00e1n otras energ\u00edas que se importaban. Nos est\u00e1 llevando a cambiar las cocinas, por ejemplo.<\/p>\n<p><strong>Sustituci\u00f3n de importaciones<\/strong><\/p>\n<p>&#8220;Empresarios quieren ensamblar productos. Pero el proceso es que tienen que demostrar que van a poner el componente ecuatoriano, que al principio puede ser de un 5 % e ir aumentando.<\/p>\n<p><strong>Cocinas de Inducci\u00f3n<\/strong><\/p>\n<p>Se ha conversado para que la producci\u00f3n nacional sea suficiente y dejar de importarlas desde China\u009d(I)<\/p>\n<p>Fuente:\u00a0http:\/\/expreso.ec\/expreso\/plantillas\/nota.aspx?idart=8773909&amp;idcat=38269&amp;tipo=2<\/p>\n<p>&nbsp;<\/p>\n","protected":false},"excerpt":{"rendered":"<p>Durante una entrevista publicada en diario Expreso, Eduardo Egas, ministro de Industrias y Productividad, responde algunos interrogantes sobre la econom\u00eda del pa\u00eds. Incentivos Tributos &#8220;El Gobierno ha decidido eliminar el anticipo del Impuesto a la Renta (IR) de las empresas con problemas de producci\u00f3n. Para las dem\u00e1s empresas que s\u00ed tienen que pagar el anticipo del IR &#8220;se va adecuar a las realidades existentes&#8221;. IESS Habr\u00e1 flexibilidad para el pago del aporte patronal al Instituto Ecuatoriano de Seguridad Social (IESS), para las empresas que son proveedoras del Gobierno y que a\u00fan esperan el pago de sus facturas. Las empresas que firmen una alianza p\u00fablico-privada tendr\u00e1n amnist\u00eda con el IESS. Maresa Maresa suspendi\u00f3 su planta de ensamblaje y despidi\u00f3 a los trabajadores. &#8220;La industria busca ensamblar otras marcas y otros modelos. El incentivo y la garant\u00eda que da el Gobierno es que cuando est\u00e9n listos para ensamblar, nuevamente podr\u00e1n contar con el cupo necesario para importar las piezas&#8221;. Los planes El 2016 &#8220;Vamos a lanzar un programa de apoyo al emprendimiento e innovaci\u00f3n. Tambi\u00e9n vamos a dar impulso a las pol\u00edticas agroindustriales, para acelerar el cambio de la matriz productiva. Un ejemplo de ello es el sector cacaotero, que ya no solo exporta materia prima, sino productos con valor agregado&#8221;. Matriz productiva Cuando las ocho hidroel\u00e9ctricas empiecen a funcionar, se reemplazar\u00e1n otras energ\u00edas que se importaban. Nos est\u00e1 llevando a cambiar las cocinas, por ejemplo. Sustituci\u00f3n de importaciones &#8220;Empresarios quieren ensamblar productos. Pero el proceso es que tienen que demostrar que van a poner el componente ecuatoriano, que al principio puede ser de un 5 % e ir aumentando. Cocinas de Inducci\u00f3n Se ha conversado para que la producci\u00f3n nacional sea suficiente y dejar de importarlas desde China\u009d(I) Fuente:\u00a0http:\/\/expreso.ec\/expreso\/plantillas\/nota.aspx?idart=8773909&amp;idcat=38269&amp;tipo=2 &nbsp;<\/p>\n","protected":false},"author":1,"featured_media":236877,"comment_status":"open","ping_status":"open","sticky":false,"template":"","format":"standard","meta":[],"categories":[43,37],"tags":[],"_links":{"self":[{"href":"https:\/\/www.ecuadortimes.net\/es\/wp-json\/wp\/v2\/posts\/236876"}],"collection":[{"href":"https:\/\/www.ecuadortimes.net\/es\/wp-json\/wp\/v2\/posts"}],"about":[{"href":"https:\/\/www.ecuadortimes.net\/es\/wp-json\/wp\/v2\/types\/post"}],"author":[{"embeddable":true,"href":"https:\/\/www.ecuadortimes.net\/es\/wp-json\/wp\/v2\/users\/1"}],"replies":[{"embeddable":true,"href":"https:\/\/www.ecuadortimes.net\/es\/wp-json\/wp\/v2\/comments?post=236876"}],"version-history":[{"count":0,"href":"https:\/\/www.ecuadortimes.net\/es\/wp-json\/wp\/v2\/posts\/236876\/revisions"}],"wp:featuredmedia":[{"embeddable":true,"href":"https:\/\/www.ecuadortimes.net\/es\/wp-json\/wp\/v2\/media\/236877"}],"wp:attachment":[{"href":"https:\/\/www.ecuadortimes.net\/es\/wp-json\/wp\/v2\/media?parent=236876"}],"wp:term":[{"taxonomy":"category","embeddable":true,"href":"https:\/\/www.ecuadortimes.net\/es\/wp-json\/wp\/v2\/categories?post=236876"},{"taxonomy":"post_tag","embeddable":true,"href":"https:\/\/www.ecuadortimes.net\/es\/wp-json\/wp\/v2\/tags?post=236876"}],"curies":[{"name":"wp","href":"https:\/\/api.w.org\/{rel}","templated":true}]}}