{"id":236885,"date":"2015-12-29T00:00:00","date_gmt":"2015-12-29T00:00:00","guid":{"rendered":"https:\/\/www.ecuadortimes.net\/es\/dos-militares-entre-42-presos-que-dejaron-tres-operativos\/"},"modified":"2015-12-29T00:00:00","modified_gmt":"2015-12-29T00:00:00","slug":"dos-militares-entre-42-presos-que-dejaron-tres-operativos","status":"publish","type":"post","link":"https:\/\/www.ecuadortimes.net\/es\/dos-militares-entre-42-presos-que-dejaron-tres-operativos\/","title":{"rendered":"Dos militares entre 42 presos que dejaron tres operativos"},"content":{"rendered":"<p>&nbsp;<\/p>\n<div id=\"attachment_171625\" style=\"width: 310px\" class=\"wp-caption aligncenter\"><img aria-describedby=\"caption-attachment-171625\" loading=\"lazy\" class=\"size-medium wp-image-171625\" src=\"https:\/\/www.ecuadortimes.net\/es\/wp-content\/uploads\/2015\/12\/Captura-de-pantalla-2015-12-29-a-las-9.54.28-a.m.-300x173.png\" alt=\"imagen: El Universo\" width=\"300\" height=\"173\" \/><p id=\"caption-attachment-171625\" class=\"wp-caption-text\">imagen: El Universo<\/p><\/div>\n<p style=\"text-align: justify;\">Dentro de un total de 42 personas detenidas en los operativos Eslab\u00f3n 95, 96 y 97 por delitos como robo de carros, microtr\u00e1fico y contrabando de combustible, realizados en las provincias de Los R\u00edos, Sucumb\u00edos, Pichincha y Guayas, entre el domingo \u00faltimo y la ma\u00f1ana de ayer, la presencia de dos miembros activos del Ej\u00e9rcito como presuntos cabecillas de una banda de contrabandistas preocupa a las autoridades.<\/p>\n<p style=\"text-align: justify;\">\n<p style=\"text-align: justify;\">Gustavo C. y \u00c3\u0089dison Ch. ser\u00edan los nombres del sargento y el cabo de la Fuerza Terrestre, respectivamente, que fueron detenidos en el Eslab\u00f3n 97, junto con cinco ecuatorianos y un venezolano. A ellos se los acusa de ser supuestamente parte de una red dedicada al contrabando de una parte del combustible destinado al cuartel militar ubicado en La Balvina, en el suroriente de Quito. (I)<\/p>\n<p style=\"text-align: justify;\">\n<p>Fuente: <a href=\"http:\/\/www.eluniverso.com\/noticias\/2015\/12\/29\/nota\/5319058\/dos-militares-42-presos-que-dejaron-tres-operativos\">http:\/\/www.eluniverso.com\/noticias\/2015\/12\/29\/nota\/5319058\/dos-militares-42-presos-que-dejaron-tres-operativos<\/a><\/p>\n","protected":false},"excerpt":{"rendered":"<p>&nbsp; Dentro de un total de 42 personas detenidas en los operativos Eslab\u00f3n 95, 96 y 97 por delitos como robo de carros, microtr\u00e1fico y contrabando de combustible, realizados en las provincias de Los R\u00edos, Sucumb\u00edos, Pichincha y Guayas, entre el domingo \u00faltimo y la ma\u00f1ana de ayer, la presencia de dos miembros activos del Ej\u00e9rcito como presuntos cabecillas de una banda de contrabandistas preocupa a las autoridades. Gustavo C. y \u00c3\u0089dison Ch. ser\u00edan los nombres del sargento y el cabo de la Fuerza Terrestre, respectivamente, que fueron detenidos en el Eslab\u00f3n 97, junto con cinco ecuatorianos y un venezolano. A ellos se los acusa de ser supuestamente parte de una red dedicada al contrabando de una parte del combustible destinado al cuartel militar ubicado en La Balvina, en el suroriente de Quito. (I) Fuente: http:\/\/www.eluniverso.com\/noticias\/2015\/12\/29\/nota\/5319058\/dos-militares-42-presos-que-dejaron-tres-operativos<\/p>\n","protected":false},"author":1,"featured_media":0,"comment_status":"open","ping_status":"open","sticky":false,"template":"","format":"standard","meta":[],"categories":[35],"tags":[],"_links":{"self":[{"href":"https:\/\/www.ecuadortimes.net\/es\/wp-json\/wp\/v2\/posts\/236885"}],"collection":[{"href":"https:\/\/www.ecuadortimes.net\/es\/wp-json\/wp\/v2\/posts"}],"about":[{"href":"https:\/\/www.ecuadortimes.net\/es\/wp-json\/wp\/v2\/types\/post"}],"author":[{"embeddable":true,"href":"https:\/\/www.ecuadortimes.net\/es\/wp-json\/wp\/v2\/users\/1"}],"replies":[{"embeddable":true,"href":"https:\/\/www.ecuadortimes.net\/es\/wp-json\/wp\/v2\/comments?post=236885"}],"version-history":[{"count":0,"href":"https:\/\/www.ecuadortimes.net\/es\/wp-json\/wp\/v2\/posts\/236885\/revisions"}],"wp:attachment":[{"href":"https:\/\/www.ecuadortimes.net\/es\/wp-json\/wp\/v2\/media?parent=236885"}],"wp:term":[{"taxonomy":"category","embeddable":true,"href":"https:\/\/www.ecuadortimes.net\/es\/wp-json\/wp\/v2\/categories?post=236885"},{"taxonomy":"post_tag","embeddable":true,"href":"https:\/\/www.ecuadortimes.net\/es\/wp-json\/wp\/v2\/tags?post=236885"}],"curies":[{"name":"wp","href":"https:\/\/api.w.org\/{rel}","templated":true}]}}