{"id":236915,"date":"2015-12-30T00:00:00","date_gmt":"2015-12-30T00:00:00","guid":{"rendered":"https:\/\/www.ecuadortimes.net\/es\/colombianos-vacacionan-en-playas-ecuatorianas\/"},"modified":"2015-12-30T00:00:00","modified_gmt":"2015-12-30T00:00:00","slug":"colombianos-vacacionan-en-playas-ecuatorianas","status":"publish","type":"post","link":"https:\/\/www.ecuadortimes.net\/es\/colombianos-vacacionan-en-playas-ecuatorianas\/","title":{"rendered":"Colombianos vacacionan en playas ecuatorianas"},"content":{"rendered":"<p style=\"text-align: justify;\"><img loading=\"lazy\" class=\"alignleft size-medium wp-image-171699\" src=\"https:\/\/www.ecuadortimes.net\/es\/wp-content\/uploads\/2015\/12\/colombianosferiadoecuador-ecuadornews-ecuadortimes-300x167.jpeg\" alt=\"colombianosferiadoecuador-ecuadornews-ecuadortimes\" width=\"300\" height=\"167\" \/>Diciembre es el mes de mayor movimiento en las Oficinas de <strong>Migraci\u00f3n<\/strong> de <strong>Ecuador<\/strong>, ubicadas en el puente de Rumichaca, que conecta a nuestro pa\u00eds con <strong>Colombia<\/strong>. Desde los primeros d\u00edas, cientos de turistas colombianos realizan tr\u00e1mites, como la declaratoria de salida de su pa\u00eds e ingreso al nuestro, para vacacionar.<\/p>\n<p style=\"text-align: justify;\">Ellos aprovechan uno de los feriados m\u00e1s largos de Colombia, del 15 de diciembre al 15 de enero. Se trata de un promedio de 6 000 visitantes colombianos, que ingresan diariamente\u009d, seg\u00fan Jos\u00e9 Naranjo, coordinador del Ministerio de Turismo, de la zona 1 (Carchi, Esmeraldas, Imbabura y Sucumb\u00edos). La mayor\u00eda tiene como destino las playas de Esmeraldas y Manab\u00ed. Mientras que otros prefieren visitar Imbabura y la capital ecuatoriana\u009d. Con ello se completan 250 000 turistas de Colombia que visitan cada a\u00f1o Ecuador, seg\u00fan Naranjo.<\/p>\n<p style=\"text-align: justify;\">Sin embargo, este a\u00f1o se teme que pueda haber una reducci\u00f3n en el n\u00famero de turistas debido a que los productos y servicios se han encarecido para los colombianos, a causa de la constante devaluaci\u00f3n de su moneda en relaci\u00f3n con el d\u00f3lar. (I)<\/p>\n<p style=\"text-align: justify;\">fuente:\u00a0http:\/\/www.elcomercio.com\/actualidad\/turistas-colombianos-playas-ecuador-feriado.html<\/p>\n","protected":false},"excerpt":{"rendered":"<p>Diciembre es el mes de mayor movimiento en las Oficinas de Migraci\u00f3n de Ecuador, ubicadas en el puente de Rumichaca, que conecta a nuestro pa\u00eds con Colombia. Desde los primeros d\u00edas, cientos de turistas colombianos realizan tr\u00e1mites, como la declaratoria de salida de su pa\u00eds e ingreso al nuestro, para vacacionar. Ellos aprovechan uno de los feriados m\u00e1s largos de Colombia, del 15 de diciembre al 15 de enero. Se trata de un promedio de 6 000 visitantes colombianos, que ingresan diariamente\u009d, seg\u00fan Jos\u00e9 Naranjo, coordinador del Ministerio de Turismo, de la zona 1 (Carchi, Esmeraldas, Imbabura y Sucumb\u00edos). La mayor\u00eda tiene como destino las playas de Esmeraldas y Manab\u00ed. Mientras que otros prefieren visitar Imbabura y la capital ecuatoriana\u009d. Con ello se completan 250 000 turistas de Colombia que visitan cada a\u00f1o Ecuador, seg\u00fan Naranjo. Sin embargo, este a\u00f1o se teme que pueda haber una reducci\u00f3n en el n\u00famero de turistas debido a que los productos y servicios se han encarecido para los colombianos, a causa de la constante devaluaci\u00f3n de su moneda en relaci\u00f3n con el d\u00f3lar. (I) fuente:\u00a0http:\/\/www.elcomercio.com\/actualidad\/turistas-colombianos-playas-ecuador-feriado.html<\/p>\n","protected":false},"author":1,"featured_media":236916,"comment_status":"open","ping_status":"open","sticky":false,"template":"","format":"standard","meta":[],"categories":[35,37],"tags":[],"_links":{"self":[{"href":"https:\/\/www.ecuadortimes.net\/es\/wp-json\/wp\/v2\/posts\/236915"}],"collection":[{"href":"https:\/\/www.ecuadortimes.net\/es\/wp-json\/wp\/v2\/posts"}],"about":[{"href":"https:\/\/www.ecuadortimes.net\/es\/wp-json\/wp\/v2\/types\/post"}],"author":[{"embeddable":true,"href":"https:\/\/www.ecuadortimes.net\/es\/wp-json\/wp\/v2\/users\/1"}],"replies":[{"embeddable":true,"href":"https:\/\/www.ecuadortimes.net\/es\/wp-json\/wp\/v2\/comments?post=236915"}],"version-history":[{"count":0,"href":"https:\/\/www.ecuadortimes.net\/es\/wp-json\/wp\/v2\/posts\/236915\/revisions"}],"wp:featuredmedia":[{"embeddable":true,"href":"https:\/\/www.ecuadortimes.net\/es\/wp-json\/wp\/v2\/media\/236916"}],"wp:attachment":[{"href":"https:\/\/www.ecuadortimes.net\/es\/wp-json\/wp\/v2\/media?parent=236915"}],"wp:term":[{"taxonomy":"category","embeddable":true,"href":"https:\/\/www.ecuadortimes.net\/es\/wp-json\/wp\/v2\/categories?post=236915"},{"taxonomy":"post_tag","embeddable":true,"href":"https:\/\/www.ecuadortimes.net\/es\/wp-json\/wp\/v2\/tags?post=236915"}],"curies":[{"name":"wp","href":"https:\/\/api.w.org\/{rel}","templated":true}]}}