{"id":236924,"date":"2015-12-31T00:00:00","date_gmt":"2015-12-31T00:00:00","guid":{"rendered":"https:\/\/www.ecuadortimes.net\/es\/dos-bancos-publicos-entran-en-reingenieria\/"},"modified":"2015-12-31T00:00:00","modified_gmt":"2015-12-31T00:00:00","slug":"dos-bancos-publicos-entran-en-reingenieria","status":"publish","type":"post","link":"https:\/\/www.ecuadortimes.net\/es\/dos-bancos-publicos-entran-en-reingenieria\/","title":{"rendered":"Dos bancos p\u00fablicos entran en reingenier\u00eda"},"content":{"rendered":"<p>&nbsp;<\/p>\n<p style=\"text-align: justify;\"><img loading=\"lazy\" class=\"size-medium wp-image-171719 alignright\" src=\"https:\/\/www.ecuadortimes.net\/es\/wp-content\/uploads\/2015\/12\/complejo-financiero-guayaquil-ECUADORTIMES-ECUADORNEWS-300x213.jpeg\" alt=\"complejo-financiero-guayaquil-ECUADORTIMES-ECUADORNEWS\" width=\"300\" height=\"213\" \/>El Gobierno quiere cerrar el a\u00f1o arrancando la reestructuraci\u00f3n total de la banca p\u00fablica. <strong>La Corporaci\u00f3n Financiera y el Banco del Estado<\/strong> entraron en reingenier\u00eda, ayer.<\/p>\n<p style=\"text-align: justify;\">\n<p style=\"text-align: justify;\">Mediante decreto Ejecutivo, las dos entidades iniciaron su transformaci\u00f3n. El Banco del Estado, por ejemplo, cambi\u00f3 su nombre a Banco de Desarrollo del Ecuador.<\/p>\n<p style=\"text-align: justify;\">\n<p style=\"text-align: justify;\">\u00bfQu\u00e9 implica la modificaci\u00f3n? En 180 d\u00edas, la denominaci\u00f3n deber\u00e1 cambiar en todas las operaciones de la entidad financiera. Tambi\u00e9n tendr\u00e1n que modificarse los principios de la instituci\u00f3n.<\/p>\n<p style=\"text-align: justify;\">\n<p style=\"text-align: justify;\">El Banco de Desarrollo del Ecuador priorizar\u00e1 los proyectos de inversi\u00f3n de inter\u00e9s social en \u00e1reas como vivienda y servicios p\u00fablicos. Como el Banco del Estado, las operaciones se trabajar\u00e1n con los gobiernos descentralizados.<\/p>\n<p style=\"text-align: justify;\">\n<p style=\"text-align: justify;\">En los siguientes meses, la nueva entidad asumir\u00e1 los pasivos, activos, patrimonio, derechos, obligaciones, contratos, convenios y todos los instrumentos jur\u00eddicos de la antigua banca. (I)<\/p>\n<p>&nbsp;<\/p>\n<p>Fuente:\u00a0<a href=\"http:\/\/expreso.ec\/expreso\/plantillas\/nota.aspx?idart=8782701&amp;idcat=38269&amp;tipo=2\">http:\/\/expreso.ec\/expreso\/plantillas\/nota.aspx?idart=8782701&amp;idcat=38269&amp;tipo=2<\/a><\/p>\n<p>&nbsp;<\/p>\n","protected":false},"excerpt":{"rendered":"<p>&nbsp; El Gobierno quiere cerrar el a\u00f1o arrancando la reestructuraci\u00f3n total de la banca p\u00fablica. La Corporaci\u00f3n Financiera y el Banco del Estado entraron en reingenier\u00eda, ayer. Mediante decreto Ejecutivo, las dos entidades iniciaron su transformaci\u00f3n. El Banco del Estado, por ejemplo, cambi\u00f3 su nombre a Banco de Desarrollo del Ecuador. \u00bfQu\u00e9 implica la modificaci\u00f3n? En 180 d\u00edas, la denominaci\u00f3n deber\u00e1 cambiar en todas las operaciones de la entidad financiera. Tambi\u00e9n tendr\u00e1n que modificarse los principios de la instituci\u00f3n. El Banco de Desarrollo del Ecuador priorizar\u00e1 los proyectos de inversi\u00f3n de inter\u00e9s social en \u00e1reas como vivienda y servicios p\u00fablicos. Como el Banco del Estado, las operaciones se trabajar\u00e1n con los gobiernos descentralizados. En los siguientes meses, la nueva entidad asumir\u00e1 los pasivos, activos, patrimonio, derechos, obligaciones, contratos, convenios y todos los instrumentos jur\u00eddicos de la antigua banca. (I) &nbsp; Fuente:\u00a0http:\/\/expreso.ec\/expreso\/plantillas\/nota.aspx?idart=8782701&amp;idcat=38269&amp;tipo=2 &nbsp;<\/p>\n","protected":false},"author":1,"featured_media":236925,"comment_status":"open","ping_status":"open","sticky":false,"template":"","format":"standard","meta":[],"categories":[54,43],"tags":[],"_links":{"self":[{"href":"https:\/\/www.ecuadortimes.net\/es\/wp-json\/wp\/v2\/posts\/236924"}],"collection":[{"href":"https:\/\/www.ecuadortimes.net\/es\/wp-json\/wp\/v2\/posts"}],"about":[{"href":"https:\/\/www.ecuadortimes.net\/es\/wp-json\/wp\/v2\/types\/post"}],"author":[{"embeddable":true,"href":"https:\/\/www.ecuadortimes.net\/es\/wp-json\/wp\/v2\/users\/1"}],"replies":[{"embeddable":true,"href":"https:\/\/www.ecuadortimes.net\/es\/wp-json\/wp\/v2\/comments?post=236924"}],"version-history":[{"count":0,"href":"https:\/\/www.ecuadortimes.net\/es\/wp-json\/wp\/v2\/posts\/236924\/revisions"}],"wp:featuredmedia":[{"embeddable":true,"href":"https:\/\/www.ecuadortimes.net\/es\/wp-json\/wp\/v2\/media\/236925"}],"wp:attachment":[{"href":"https:\/\/www.ecuadortimes.net\/es\/wp-json\/wp\/v2\/media?parent=236924"}],"wp:term":[{"taxonomy":"category","embeddable":true,"href":"https:\/\/www.ecuadortimes.net\/es\/wp-json\/wp\/v2\/categories?post=236924"},{"taxonomy":"post_tag","embeddable":true,"href":"https:\/\/www.ecuadortimes.net\/es\/wp-json\/wp\/v2\/tags?post=236924"}],"curies":[{"name":"wp","href":"https:\/\/api.w.org\/{rel}","templated":true}]}}