{"id":236927,"date":"2015-12-31T00:00:00","date_gmt":"2015-12-31T00:00:00","guid":{"rendered":"https:\/\/www.ecuadortimes.net\/es\/depositos-y-creditos-cayeron-en-el-2015\/"},"modified":"2015-12-31T00:00:00","modified_gmt":"2015-12-31T00:00:00","slug":"depositos-y-creditos-cayeron-en-el-2015","status":"publish","type":"post","link":"https:\/\/www.ecuadortimes.net\/es\/depositos-y-creditos-cayeron-en-el-2015\/","title":{"rendered":"Dep\u00f3sitos y cr\u00e9ditos cayeron en el 2015"},"content":{"rendered":"<p>&nbsp;<\/p>\n<div id=\"attachment_171720\" style=\"width: 310px\" class=\"wp-caption aligncenter\"><img aria-describedby=\"caption-attachment-171720\" loading=\"lazy\" class=\"size-medium wp-image-171720\" src=\"https:\/\/www.ecuadortimes.net\/es\/wp-content\/uploads\/2015\/12\/DEPOSITO-ECUADORTIMES-ECUADORNEWS-300x186.jpg\" alt=\"Imagen: EL Universo\" width=\"300\" height=\"186\" \/><p id=\"caption-attachment-171720\" class=\"wp-caption-text\">Imagen: EL Universo<\/p><\/div>\n<p style=\"text-align: justify;\">La banca es uno de los sectores que han sentido los efectos de la desaceleraci\u00f3n de la econom\u00eda. Esto se ha notado en la evoluci\u00f3n de los dep\u00f3sitos y la entrega de cr\u00e9ditos, seg\u00fan Julio Jos\u00e9 Prado, presidente de la Asociaci\u00f3n de Bancos Privados.<\/p>\n<p style=\"text-align: justify;\">\n<p style=\"text-align: justify;\">Prado explica que la p\u00e9rdida de dinamismo de la econom\u00eda tanto p\u00fablica como privada\u009d hace que caigan los dep\u00f3sitos.<\/p>\n<p style=\"text-align: justify;\">\n<p style=\"text-align: justify;\">Agrega que el Gobierno invierte menos y est\u00e1 atrasado en pagos a proveedores, eso tambi\u00e9n contrae la liquidez que entra al sistema financiero\u009d.<\/p>\n<p>&nbsp;<\/p>\n<p>Sin embargo, dice que la principal raz\u00f3n para la disminuci\u00f3n de los dep\u00f3sitos es el retiro de dinero de empresas de todo tama\u00f1o que debido a la ca\u00edda de sus ventas est\u00e1n haciendo uso de sus ahorros para tener capital de trabajo\u009d. (I)<\/p>\n<p>&nbsp;<\/p>\n<p>Fuente: <a href=\"http:\/\/www.eluniverso.com\/noticias\/2015\/12\/31\/nota\/5321332\/depositos-creditos-cayeron-2015\">http:\/\/www.eluniverso.com\/noticias\/2015\/12\/31\/nota\/5321332\/depositos-creditos-cayeron-2015<\/a><\/p>\n","protected":false},"excerpt":{"rendered":"<p>&nbsp; La banca es uno de los sectores que han sentido los efectos de la desaceleraci\u00f3n de la econom\u00eda. Esto se ha notado en la evoluci\u00f3n de los dep\u00f3sitos y la entrega de cr\u00e9ditos, seg\u00fan Julio Jos\u00e9 Prado, presidente de la Asociaci\u00f3n de Bancos Privados. Prado explica que la p\u00e9rdida de dinamismo de la econom\u00eda tanto p\u00fablica como privada\u009d hace que caigan los dep\u00f3sitos. Agrega que el Gobierno invierte menos y est\u00e1 atrasado en pagos a proveedores, eso tambi\u00e9n contrae la liquidez que entra al sistema financiero\u009d. &nbsp; Sin embargo, dice que la principal raz\u00f3n para la disminuci\u00f3n de los dep\u00f3sitos es el retiro de dinero de empresas de todo tama\u00f1o que debido a la ca\u00edda de sus ventas est\u00e1n haciendo uso de sus ahorros para tener capital de trabajo\u009d. (I) &nbsp; Fuente: http:\/\/www.eluniverso.com\/noticias\/2015\/12\/31\/nota\/5321332\/depositos-creditos-cayeron-2015<\/p>\n","protected":false},"author":1,"featured_media":236928,"comment_status":"open","ping_status":"open","sticky":false,"template":"","format":"standard","meta":[],"categories":[54,43],"tags":[],"_links":{"self":[{"href":"https:\/\/www.ecuadortimes.net\/es\/wp-json\/wp\/v2\/posts\/236927"}],"collection":[{"href":"https:\/\/www.ecuadortimes.net\/es\/wp-json\/wp\/v2\/posts"}],"about":[{"href":"https:\/\/www.ecuadortimes.net\/es\/wp-json\/wp\/v2\/types\/post"}],"author":[{"embeddable":true,"href":"https:\/\/www.ecuadortimes.net\/es\/wp-json\/wp\/v2\/users\/1"}],"replies":[{"embeddable":true,"href":"https:\/\/www.ecuadortimes.net\/es\/wp-json\/wp\/v2\/comments?post=236927"}],"version-history":[{"count":0,"href":"https:\/\/www.ecuadortimes.net\/es\/wp-json\/wp\/v2\/posts\/236927\/revisions"}],"wp:featuredmedia":[{"embeddable":true,"href":"https:\/\/www.ecuadortimes.net\/es\/wp-json\/wp\/v2\/media\/236928"}],"wp:attachment":[{"href":"https:\/\/www.ecuadortimes.net\/es\/wp-json\/wp\/v2\/media?parent=236927"}],"wp:term":[{"taxonomy":"category","embeddable":true,"href":"https:\/\/www.ecuadortimes.net\/es\/wp-json\/wp\/v2\/categories?post=236927"},{"taxonomy":"post_tag","embeddable":true,"href":"https:\/\/www.ecuadortimes.net\/es\/wp-json\/wp\/v2\/tags?post=236927"}],"curies":[{"name":"wp","href":"https:\/\/api.w.org\/{rel}","templated":true}]}}