{"id":236931,"date":"2015-12-31T00:00:00","date_gmt":"2015-12-31T00:00:00","guid":{"rendered":"https:\/\/www.ecuadortimes.net\/es\/sin-unidad-de-la-oposicion-sus-lideres-habran-jugado-a-alfiles-del-gobierno-de-correa-comenta-negrete\/"},"modified":"2015-12-31T00:00:00","modified_gmt":"2015-12-31T00:00:00","slug":"sin-unidad-de-la-oposicion-sus-lideres-habran-jugado-a-alfiles-del-gobierno-de-correa-comenta-negrete","status":"publish","type":"post","link":"https:\/\/www.ecuadortimes.net\/es\/sin-unidad-de-la-oposicion-sus-lideres-habran-jugado-a-alfiles-del-gobierno-de-correa-comenta-negrete\/","title":{"rendered":"Sin unidad de la oposici\u00f3n, sus l\u00edderes habr\u00e1n jugado a alfiles del Gobierno de Correa, comenta Negrete"},"content":{"rendered":"<p><iframe loading=\"lazy\" src=\"https:\/\/www.youtube.com\/embed\/KkCeSiGB9PQ\" width=\"420\" height=\"315\" frameborder=\"0\" allowfullscreen=\"allowfullscreen\"><\/iframe><\/p>\n<p>&nbsp;<\/p>\n<p>El politic\u00f3logo Alfredo Negrete, en referencia a los comicios presidenciales del 2017 en Ecuador, coment\u00f3 en entrevista para Ecuavisa que nuestro pa\u00eds a diferencia de Venezuela, en donde la oposici\u00f3n se uni\u00f3 para vencer al chavismo en las \u00faltimas legislativas, no tiene esa misma tradici\u00f3n, aunque cit\u00f3 dos acuerdos pol\u00edticos en el Ecuador: el primero en 1944, y su culminaci\u00f3n con el 28 de mayo de ese mismo a\u00f1o, la formaci\u00f3n de la alianza democr\u00e1tica ecuatoriana que uni\u00f3 desde conservadores hasta socialistas y comunistas; y la otra, que fue la concertaci\u00f3n civil y militar con el retorno a la democracia en 1979.<\/p>\n<p>&nbsp;<\/p>\n<p>Para Negrete, hoy la oposici\u00f3n al Gobierno es &#8216;absolutamente ciega&#8217;, no entiende lo que es unidad, lo que es estrategia y siempre se sienta a una mesa de negociaci\u00f3n con un prerrequisito: todo es posible, pero primero soy yo. (I)<\/p>\n<p>&nbsp;<\/p>\n","protected":false},"excerpt":{"rendered":"<p>&nbsp; El politic\u00f3logo Alfredo Negrete, en referencia a los comicios presidenciales del 2017 en Ecuador, coment\u00f3 en entrevista para Ecuavisa que nuestro pa\u00eds a diferencia de Venezuela, en donde la oposici\u00f3n se uni\u00f3 para vencer al chavismo en las \u00faltimas legislativas, no tiene esa misma tradici\u00f3n, aunque cit\u00f3 dos acuerdos pol\u00edticos en el Ecuador: el primero en 1944, y su culminaci\u00f3n con el 28 de mayo de ese mismo a\u00f1o, la formaci\u00f3n de la alianza democr\u00e1tica ecuatoriana que uni\u00f3 desde conservadores hasta socialistas y comunistas; y la otra, que fue la concertaci\u00f3n civil y militar con el retorno a la democracia en 1979. &nbsp; Para Negrete, hoy la oposici\u00f3n al Gobierno es &#8216;absolutamente ciega&#8217;, no entiende lo que es unidad, lo que es estrategia y siempre se sienta a una mesa de negociaci\u00f3n con un prerrequisito: todo es posible, pero primero soy yo. (I) &nbsp;<\/p>\n","protected":false},"author":1,"featured_media":0,"comment_status":"open","ping_status":"open","sticky":false,"template":"","format":"standard","meta":[],"categories":[54,40],"tags":[],"_links":{"self":[{"href":"https:\/\/www.ecuadortimes.net\/es\/wp-json\/wp\/v2\/posts\/236931"}],"collection":[{"href":"https:\/\/www.ecuadortimes.net\/es\/wp-json\/wp\/v2\/posts"}],"about":[{"href":"https:\/\/www.ecuadortimes.net\/es\/wp-json\/wp\/v2\/types\/post"}],"author":[{"embeddable":true,"href":"https:\/\/www.ecuadortimes.net\/es\/wp-json\/wp\/v2\/users\/1"}],"replies":[{"embeddable":true,"href":"https:\/\/www.ecuadortimes.net\/es\/wp-json\/wp\/v2\/comments?post=236931"}],"version-history":[{"count":0,"href":"https:\/\/www.ecuadortimes.net\/es\/wp-json\/wp\/v2\/posts\/236931\/revisions"}],"wp:attachment":[{"href":"https:\/\/www.ecuadortimes.net\/es\/wp-json\/wp\/v2\/media?parent=236931"}],"wp:term":[{"taxonomy":"category","embeddable":true,"href":"https:\/\/www.ecuadortimes.net\/es\/wp-json\/wp\/v2\/categories?post=236931"},{"taxonomy":"post_tag","embeddable":true,"href":"https:\/\/www.ecuadortimes.net\/es\/wp-json\/wp\/v2\/tags?post=236931"}],"curies":[{"name":"wp","href":"https:\/\/api.w.org\/{rel}","templated":true}]}}