{"id":236933,"date":"2015-12-31T00:00:00","date_gmt":"2015-12-31T00:00:00","guid":{"rendered":"https:\/\/www.ecuadortimes.net\/es\/la-actividad-comercial-se-encogera-un-3-mas-en-2016\/"},"modified":"2015-12-31T00:00:00","modified_gmt":"2015-12-31T00:00:00","slug":"la-actividad-comercial-se-encogera-un-3-mas-en-2016","status":"publish","type":"post","link":"https:\/\/www.ecuadortimes.net\/es\/la-actividad-comercial-se-encogera-un-3-mas-en-2016\/","title":{"rendered":"La actividad comercial se encoger\u00e1 un 3 % m\u00e1s en 2016"},"content":{"rendered":"<p>&nbsp;<\/p>\n<div id=\"attachment_171744\" style=\"width: 310px\" class=\"wp-caption alignright\"><img aria-describedby=\"caption-attachment-171744\" loading=\"lazy\" class=\"size-medium wp-image-171744\" src=\"https:\/\/www.ecuadortimes.net\/es\/wp-content\/uploads\/2015\/12\/Captura-de-pantalla-2015-12-31-a-las-2.53.51-p.m.-300x243.png\" alt=\"Image: Expreso\" width=\"300\" height=\"243\" \/><p id=\"caption-attachment-171744\" class=\"wp-caption-text\">Image: Expreso<\/p><\/div>\n<p style=\"text-align: justify;\">El comercio se prepara para enfrentar un 2016 con una crisis econ\u00f3mica que se sentir\u00e1 m\u00e1s en las cajas registradoras y los bolsillos de los compradores. &#8220;Las previsiones se\u00f1alan que en los inicios del 2016 la econom\u00eda llegar\u00e1 al punto m\u00e1s bajo del ciclo econ\u00f3mico&#8221;, dijo a Diario EXPRESO el presidente de la C\u00e1mara de Comercio de Guayaquil, Pablo Arosemena.<\/p>\n<p style=\"text-align: justify;\">\n<p style=\"text-align: justify;\">\n<p style=\"text-align: justify;\">Para tener una idea de cu\u00e1n dif\u00edcil ser\u00e1 la situaci\u00f3n en el venidero enero basta con ver las cifras del primer mes de este a\u00f1o, cuando las ventas se desplomaron en un 16,3 %. Luego en febrero hubo un repunte de un 0,7 % y marzo se mejor\u00f3 con el aumento de 12 %. Mas, la bonanza no dur\u00f3 mucho; por cuatro meses seguidos las ventas fueron negativas (de junio a septiembre), seg\u00fan el Estudio Mensual de Opini\u00f3n Empresarial, del Banco Central de Ecuador (I).<\/p>\n<p>&nbsp;<\/p>\n<p>Fuente: <a href=\"http:\/\/expreso.ec\/expreso\/plantillas\/nota.aspx?idart=8782541&amp;idcat=38229&amp;tipo=2\">http:\/\/expreso.ec\/expreso\/plantillas\/nota.aspx?idart=8782541&amp;idcat=38229&amp;tipo=2<\/a><\/p>\n","protected":false},"excerpt":{"rendered":"<p>&nbsp; El comercio se prepara para enfrentar un 2016 con una crisis econ\u00f3mica que se sentir\u00e1 m\u00e1s en las cajas registradoras y los bolsillos de los compradores. &#8220;Las previsiones se\u00f1alan que en los inicios del 2016 la econom\u00eda llegar\u00e1 al punto m\u00e1s bajo del ciclo econ\u00f3mico&#8221;, dijo a Diario EXPRESO el presidente de la C\u00e1mara de Comercio de Guayaquil, Pablo Arosemena. Para tener una idea de cu\u00e1n dif\u00edcil ser\u00e1 la situaci\u00f3n en el venidero enero basta con ver las cifras del primer mes de este a\u00f1o, cuando las ventas se desplomaron en un 16,3 %. Luego en febrero hubo un repunte de un 0,7 % y marzo se mejor\u00f3 con el aumento de 12 %. Mas, la bonanza no dur\u00f3 mucho; por cuatro meses seguidos las ventas fueron negativas (de junio a septiembre), seg\u00fan el Estudio Mensual de Opini\u00f3n Empresarial, del Banco Central de Ecuador (I). &nbsp; Fuente: http:\/\/expreso.ec\/expreso\/plantillas\/nota.aspx?idart=8782541&amp;idcat=38229&amp;tipo=2<\/p>\n","protected":false},"author":1,"featured_media":0,"comment_status":"open","ping_status":"open","sticky":false,"template":"","format":"standard","meta":[],"categories":[40],"tags":[],"_links":{"self":[{"href":"https:\/\/www.ecuadortimes.net\/es\/wp-json\/wp\/v2\/posts\/236933"}],"collection":[{"href":"https:\/\/www.ecuadortimes.net\/es\/wp-json\/wp\/v2\/posts"}],"about":[{"href":"https:\/\/www.ecuadortimes.net\/es\/wp-json\/wp\/v2\/types\/post"}],"author":[{"embeddable":true,"href":"https:\/\/www.ecuadortimes.net\/es\/wp-json\/wp\/v2\/users\/1"}],"replies":[{"embeddable":true,"href":"https:\/\/www.ecuadortimes.net\/es\/wp-json\/wp\/v2\/comments?post=236933"}],"version-history":[{"count":0,"href":"https:\/\/www.ecuadortimes.net\/es\/wp-json\/wp\/v2\/posts\/236933\/revisions"}],"wp:attachment":[{"href":"https:\/\/www.ecuadortimes.net\/es\/wp-json\/wp\/v2\/media?parent=236933"}],"wp:term":[{"taxonomy":"category","embeddable":true,"href":"https:\/\/www.ecuadortimes.net\/es\/wp-json\/wp\/v2\/categories?post=236933"},{"taxonomy":"post_tag","embeddable":true,"href":"https:\/\/www.ecuadortimes.net\/es\/wp-json\/wp\/v2\/tags?post=236933"}],"curies":[{"name":"wp","href":"https:\/\/api.w.org\/{rel}","templated":true}]}}