{"id":236934,"date":"2016-01-04T00:00:00","date_gmt":"2016-01-04T00:00:00","guid":{"rendered":"https:\/\/www.ecuadortimes.net\/es\/los-empresarios-reciben-este-ano-cautos-y-a-la-expectativa\/"},"modified":"2016-01-04T00:00:00","modified_gmt":"2016-01-04T00:00:00","slug":"los-empresarios-reciben-este-ano-cautos-y-a-la-expectativa","status":"publish","type":"post","link":"https:\/\/www.ecuadortimes.net\/es\/los-empresarios-reciben-este-ano-cautos-y-a-la-expectativa\/","title":{"rendered":"Los empresarios reciben este a\u00f1o, cautos y a la expectativa"},"content":{"rendered":"<div id=\"attachment_171747\" style=\"width: 310px\" class=\"wp-caption aligncenter\"><img aria-describedby=\"caption-attachment-171747\" loading=\"lazy\" class=\"size-medium wp-image-171747\" src=\"https:\/\/www.ecuadortimes.net\/es\/wp-content\/uploads\/2016\/01\/Captura-de-pantalla-2016-01-04-a-las-9.54.07-a.m.-300x152.png\" alt=\"Imagen: Expreso\" width=\"300\" height=\"152\" \/><p id=\"caption-attachment-171747\" class=\"wp-caption-text\">Imagen: Expreso<\/p><\/div>\n<p style=\"text-align: justify;\">Los empresarios regresan hoy a lidiar con sus negocios en un contexto econ\u00f3mico que a\u00fan se ti\u00f1e de dif\u00edcil: Ecuador contin\u00faa pisando el terreno de la recesi\u00f3n.<\/p>\n<p style=\"text-align: justify;\">Las estad\u00edsticas del Banco Central de Ecuador (BCE) revelan la reincidente ca\u00edda del PIB en el segundo trimestre (-0,6 %) respecto al primero y del tercer trimestre (-0,4 %), respecto al segundo de 2015, lo que se traduce a una recesi\u00f3n t\u00e9cnica. Y si bien, el gremio prefiere apelar a la cautela, hay quienes ven de cerca una depresi\u00f3n.<\/p>\n<p style=\"text-align: justify;\">&#8220;Una vez que empiecen a fluir algunas decisiones (gubernamentales) que consideramos deben darse r\u00e1pidamente, esperamos que haya una reacci\u00f3n en el segundo semestre&#8221;, dice el presidente del Comit\u00e9 Empresarial Ecuatoriano (CEE), Richard Mart\u00ednez. Se refiere al avance en el acuerdo con la Uni\u00f3n Europea, a la implementaci\u00f3n de la ley de Alianza P\u00fablico-Privada y al retiro de la salvaguardias, a partir de junio pr\u00f3ximo. &#8220;Son tres cosas que vemos con positivismo&#8221;, dice Mart\u00ednez.<\/p>\n<p style=\"text-align: justify;\">Incluso las familias ecuatorianas que solventan con sus gastos gran parte del Producto Interno Bruto (PIB), han recortado sus consumos y eso es una p\u00e9rdida directa para las empresas, pues significa que venden menos y que podr\u00edan equilibrarse financieramente, comprimiendo m\u00e1s sus gastos al ajustar a la baja su plantilla. (I)<\/p>\n<p style=\"text-align: justify;\">\n<p>Fuente: <a href=\"http:\/\/expreso.ec\/expreso\/plantillas\/nota.aspx?idart=8788896&amp;idcat=38229&amp;tipo=2\">http:\/\/expreso.ec\/expreso\/plantillas\/nota.aspx?idart=8788896&amp;idcat=38229&amp;tipo=2<\/a><\/p>\n","protected":false},"excerpt":{"rendered":"<p>Los empresarios regresan hoy a lidiar con sus negocios en un contexto econ\u00f3mico que a\u00fan se ti\u00f1e de dif\u00edcil: Ecuador contin\u00faa pisando el terreno de la recesi\u00f3n. Las estad\u00edsticas del Banco Central de Ecuador (BCE) revelan la reincidente ca\u00edda del PIB en el segundo trimestre (-0,6 %) respecto al primero y del tercer trimestre (-0,4 %), respecto al segundo de 2015, lo que se traduce a una recesi\u00f3n t\u00e9cnica. Y si bien, el gremio prefiere apelar a la cautela, hay quienes ven de cerca una depresi\u00f3n. &#8220;Una vez que empiecen a fluir algunas decisiones (gubernamentales) que consideramos deben darse r\u00e1pidamente, esperamos que haya una reacci\u00f3n en el segundo semestre&#8221;, dice el presidente del Comit\u00e9 Empresarial Ecuatoriano (CEE), Richard Mart\u00ednez. Se refiere al avance en el acuerdo con la Uni\u00f3n Europea, a la implementaci\u00f3n de la ley de Alianza P\u00fablico-Privada y al retiro de la salvaguardias, a partir de junio pr\u00f3ximo. &#8220;Son tres cosas que vemos con positivismo&#8221;, dice Mart\u00ednez. Incluso las familias ecuatorianas que solventan con sus gastos gran parte del Producto Interno Bruto (PIB), han recortado sus consumos y eso es una p\u00e9rdida directa para las empresas, pues significa que venden menos y que podr\u00edan equilibrarse financieramente, comprimiendo m\u00e1s sus gastos al ajustar a la baja su plantilla. (I) Fuente: http:\/\/expreso.ec\/expreso\/plantillas\/nota.aspx?idart=8788896&amp;idcat=38229&amp;tipo=2<\/p>\n","protected":false},"author":1,"featured_media":236935,"comment_status":"open","ping_status":"open","sticky":false,"template":"","format":"standard","meta":[],"categories":[54,40],"tags":[],"_links":{"self":[{"href":"https:\/\/www.ecuadortimes.net\/es\/wp-json\/wp\/v2\/posts\/236934"}],"collection":[{"href":"https:\/\/www.ecuadortimes.net\/es\/wp-json\/wp\/v2\/posts"}],"about":[{"href":"https:\/\/www.ecuadortimes.net\/es\/wp-json\/wp\/v2\/types\/post"}],"author":[{"embeddable":true,"href":"https:\/\/www.ecuadortimes.net\/es\/wp-json\/wp\/v2\/users\/1"}],"replies":[{"embeddable":true,"href":"https:\/\/www.ecuadortimes.net\/es\/wp-json\/wp\/v2\/comments?post=236934"}],"version-history":[{"count":0,"href":"https:\/\/www.ecuadortimes.net\/es\/wp-json\/wp\/v2\/posts\/236934\/revisions"}],"wp:featuredmedia":[{"embeddable":true,"href":"https:\/\/www.ecuadortimes.net\/es\/wp-json\/wp\/v2\/media\/236935"}],"wp:attachment":[{"href":"https:\/\/www.ecuadortimes.net\/es\/wp-json\/wp\/v2\/media?parent=236934"}],"wp:term":[{"taxonomy":"category","embeddable":true,"href":"https:\/\/www.ecuadortimes.net\/es\/wp-json\/wp\/v2\/categories?post=236934"},{"taxonomy":"post_tag","embeddable":true,"href":"https:\/\/www.ecuadortimes.net\/es\/wp-json\/wp\/v2\/tags?post=236934"}],"curies":[{"name":"wp","href":"https:\/\/api.w.org\/{rel}","templated":true}]}}