{"id":236948,"date":"2016-01-04T00:00:00","date_gmt":"2016-01-04T00:00:00","guid":{"rendered":"https:\/\/www.ecuadortimes.net\/es\/hay-versiones-opuestas-por-el-retiro-de-129-salvaguardias\/"},"modified":"2016-01-04T00:00:00","modified_gmt":"2016-01-04T00:00:00","slug":"hay-versiones-opuestas-por-el-retiro-de-129-salvaguardias","status":"publish","type":"post","link":"https:\/\/www.ecuadortimes.net\/es\/hay-versiones-opuestas-por-el-retiro-de-129-salvaguardias\/","title":{"rendered":"Hay versiones opuestas por el retiro de 129 salvaguardias"},"content":{"rendered":"<p>&nbsp;<\/p>\n<div id=\"attachment_171785\" style=\"width: 310px\" class=\"wp-caption aligncenter\"><img aria-describedby=\"caption-attachment-171785\" loading=\"lazy\" class=\"size-medium wp-image-171785\" src=\"https:\/\/www.ecuadortimes.net\/es\/wp-content\/uploads\/2016\/01\/pr05dre020116fgsxcphoto01-300x204.jpg\" alt=\"Imagen: El Universo \" width=\"300\" height=\"204\" \/><p id=\"caption-attachment-171785\" class=\"wp-caption-text\">Imagen: El Universo<\/p><\/div>\n<p style=\"text-align: justify;\">El <strong>Ministerio de Comercio de Colombia<\/strong> y el <strong>Ministerio de Comercio Exterior de Ecuador<\/strong> tienen distintas versiones sobre las razones para la eliminaci\u00f3n de las salvaguardias de 129 subpartidas arancelarias.<\/p>\n<p style=\"text-align: justify;\">\n<p style=\"text-align: justify;\">Seg\u00fan una publicaci\u00f3n en la p\u00e1gina web del ministerio colombiano, despu\u00e9s de que en el marco del <strong>IV Gabinete Binacional Colombia-Ecuador<\/strong>, la <strong>ministra de Comercio, Industria y Turismo, Cecilia \u00c3\u0081lvarez-Correa<\/strong>, le pidiera al Gobierno del vecino pa\u00eds (Ecuador) excluir del arancel del 45%, a un grupo de bienes provenientes de Colombia, ese pa\u00eds (Ecuador) decidi\u00f3 asumir el compromiso\u009d.<\/p>\n<p style=\"text-align: justify;\">\n<p style=\"text-align: justify;\">Esta publicaci\u00f3n es del 28 de diciembre y aclara que la eliminaci\u00f3n de las sobretasas a las 129 subpartidas representan un alivio de $ 73 millones en exportaciones colombianas (con base en 2014), especialmente para los sectores de electrodom\u00e9sticos, qu\u00edmicos, metalmec\u00e1nica, alimentos\u009d.<\/p>\n<p>&nbsp;<\/p>\n<p>En la web del Ministerio de Comercio Exterior ecuatoriano se explica que el 11 de diciembre se adopt\u00f3 la Resoluci\u00f3n 046-2015, que flexibiliz\u00f3 la sobretasa para 129 partidas. (I)<\/p>\n<p>Fuente: <a href=\"http:\/\/www.eluniverso.com\/noticias\/2016\/01\/04\/nota\/5325394\/hay-versiones-opuestas-retiro-129-salvaguardias\">http:\/\/www.eluniverso.com\/noticias\/2016\/01\/04\/nota\/5325394\/hay-versiones-opuestas-retiro-129-salvaguardias<\/a><\/p>\n","protected":false},"excerpt":{"rendered":"<p>&nbsp; El Ministerio de Comercio de Colombia y el Ministerio de Comercio Exterior de Ecuador tienen distintas versiones sobre las razones para la eliminaci\u00f3n de las salvaguardias de 129 subpartidas arancelarias. Seg\u00fan una publicaci\u00f3n en la p\u00e1gina web del ministerio colombiano, despu\u00e9s de que en el marco del IV Gabinete Binacional Colombia-Ecuador, la ministra de Comercio, Industria y Turismo, Cecilia \u00c3\u0081lvarez-Correa, le pidiera al Gobierno del vecino pa\u00eds (Ecuador) excluir del arancel del 45%, a un grupo de bienes provenientes de Colombia, ese pa\u00eds (Ecuador) decidi\u00f3 asumir el compromiso\u009d. Esta publicaci\u00f3n es del 28 de diciembre y aclara que la eliminaci\u00f3n de las sobretasas a las 129 subpartidas representan un alivio de $ 73 millones en exportaciones colombianas (con base en 2014), especialmente para los sectores de electrodom\u00e9sticos, qu\u00edmicos, metalmec\u00e1nica, alimentos\u009d. &nbsp; En la web del Ministerio de Comercio Exterior ecuatoriano se explica que el 11 de diciembre se adopt\u00f3 la Resoluci\u00f3n 046-2015, que flexibiliz\u00f3 la sobretasa para 129 partidas. (I) Fuente: http:\/\/www.eluniverso.com\/noticias\/2016\/01\/04\/nota\/5325394\/hay-versiones-opuestas-retiro-129-salvaguardias<\/p>\n","protected":false},"author":1,"featured_media":236949,"comment_status":"open","ping_status":"open","sticky":false,"template":"","format":"standard","meta":[],"categories":[54,43],"tags":[],"_links":{"self":[{"href":"https:\/\/www.ecuadortimes.net\/es\/wp-json\/wp\/v2\/posts\/236948"}],"collection":[{"href":"https:\/\/www.ecuadortimes.net\/es\/wp-json\/wp\/v2\/posts"}],"about":[{"href":"https:\/\/www.ecuadortimes.net\/es\/wp-json\/wp\/v2\/types\/post"}],"author":[{"embeddable":true,"href":"https:\/\/www.ecuadortimes.net\/es\/wp-json\/wp\/v2\/users\/1"}],"replies":[{"embeddable":true,"href":"https:\/\/www.ecuadortimes.net\/es\/wp-json\/wp\/v2\/comments?post=236948"}],"version-history":[{"count":0,"href":"https:\/\/www.ecuadortimes.net\/es\/wp-json\/wp\/v2\/posts\/236948\/revisions"}],"wp:featuredmedia":[{"embeddable":true,"href":"https:\/\/www.ecuadortimes.net\/es\/wp-json\/wp\/v2\/media\/236949"}],"wp:attachment":[{"href":"https:\/\/www.ecuadortimes.net\/es\/wp-json\/wp\/v2\/media?parent=236948"}],"wp:term":[{"taxonomy":"category","embeddable":true,"href":"https:\/\/www.ecuadortimes.net\/es\/wp-json\/wp\/v2\/categories?post=236948"},{"taxonomy":"post_tag","embeddable":true,"href":"https:\/\/www.ecuadortimes.net\/es\/wp-json\/wp\/v2\/tags?post=236948"}],"curies":[{"name":"wp","href":"https:\/\/api.w.org\/{rel}","templated":true}]}}