{"id":236967,"date":"2016-01-05T00:00:00","date_gmt":"2016-01-05T00:00:00","guid":{"rendered":"https:\/\/www.ecuadortimes.net\/es\/cordes-pidio-aclaracion-a-secom-por-datos-de-inec\/"},"modified":"2016-01-05T00:00:00","modified_gmt":"2016-01-05T00:00:00","slug":"cordes-pidio-aclaracion-a-secom-por-datos-de-inec","status":"publish","type":"post","link":"https:\/\/www.ecuadortimes.net\/es\/cordes-pidio-aclaracion-a-secom-por-datos-de-inec\/","title":{"rendered":"Cordes pidi\u00f3 aclaraci\u00f3n a Secom por datos de INEC"},"content":{"rendered":"<p>&nbsp;<\/p>\n<p style=\"text-align: justify;\"><img loading=\"lazy\" class=\"size-medium wp-image-171828 alignright\" src=\"https:\/\/www.ecuadortimes.net\/es\/wp-content\/uploads\/2016\/01\/CORDES-ECUADORTIMES-ECUADORNEWS-213x300.jpg\" alt=\"CORDES-ECUADORTIMES-ECUADORNEWS\" width=\"213\" height=\"300\" \/>En una carta dirigida a la Secretar\u00eda de Comunicaci\u00f3n (Secom), la Corporaci\u00f3n de Estudios para el Desarrollo (Cordes) asegur\u00f3 que las cifras de empleo p\u00fablico que fueron difundidas en su publicaci\u00f3n Carta Econ\u00f3mica y reproducidas por este Diario fueron obtenidas de la Encuesta Nacional de Empleo, Desempleo y Subempleo, que elabora el Instituto de Estad\u00edstica y Censos (INEC).<\/p>\n<p style=\"text-align: justify;\">\n<p style=\"text-align: justify;\">Esas cifras indican que entre diciembre del 2007 y septiembre del 2015 los empleados p\u00fablicos aumentaron de 460.182 a 717.125, es decir, que se increment\u00f3 en un 56%.<\/p>\n<p style=\"text-align: justify;\">\n<p style=\"text-align: justify;\">En la \u00faltima sabatina, el presidente Rafael Correa dijo que eso era una mentira\u009d y que la n\u00f3mina hab\u00eda aumentado porque se hab\u00eda dado estabilidad a varios empleados tercerizados. Asegur\u00f3 que existen 487.867 servidores y que el incremento ha sido de 22,56%.<\/p>\n<p style=\"text-align: justify;\">\n<p style=\"text-align: justify;\">Cordes pidi\u00f3 a Patricio Barriga, de la Secom, que se aclare en los medios p\u00fablicos que Cordes no difundi\u00f3 informaci\u00f3n falsa. Y asegur\u00f3 que se hubiera esperado\u009d que la entidad primero certifique con el INEC las cifras antes de desmentirlas.<\/p>\n<p>&nbsp;<\/p>\n<p>Explic\u00f3 que los datos del INEC contienen cifras de empleados adecuados, inadecuados, subempleados y no clasificados; y de esta manera se evita la distorsi\u00f3n de la incorporaci\u00f3n a la n\u00f3mina. (I)<\/p>\n<p>&nbsp;<\/p>\n<p>Fuente: <a href=\"http:\/\/www.eluniverso.com\/noticias\/2016\/01\/05\/nota\/5326747\/cordes-pidio-aclaracion-secom-datos-inec\">http:\/\/www.eluniverso.com\/noticias\/2016\/01\/05\/nota\/5326747\/cordes-pidio-aclaracion-secom-datos-inec<\/a><\/p>\n","protected":false},"excerpt":{"rendered":"<p>&nbsp; En una carta dirigida a la Secretar\u00eda de Comunicaci\u00f3n (Secom), la Corporaci\u00f3n de Estudios para el Desarrollo (Cordes) asegur\u00f3 que las cifras de empleo p\u00fablico que fueron difundidas en su publicaci\u00f3n Carta Econ\u00f3mica y reproducidas por este Diario fueron obtenidas de la Encuesta Nacional de Empleo, Desempleo y Subempleo, que elabora el Instituto de Estad\u00edstica y Censos (INEC). Esas cifras indican que entre diciembre del 2007 y septiembre del 2015 los empleados p\u00fablicos aumentaron de 460.182 a 717.125, es decir, que se increment\u00f3 en un 56%. En la \u00faltima sabatina, el presidente Rafael Correa dijo que eso era una mentira\u009d y que la n\u00f3mina hab\u00eda aumentado porque se hab\u00eda dado estabilidad a varios empleados tercerizados. Asegur\u00f3 que existen 487.867 servidores y que el incremento ha sido de 22,56%. Cordes pidi\u00f3 a Patricio Barriga, de la Secom, que se aclare en los medios p\u00fablicos que Cordes no difundi\u00f3 informaci\u00f3n falsa. Y asegur\u00f3 que se hubiera esperado\u009d que la entidad primero certifique con el INEC las cifras antes de desmentirlas. &nbsp; Explic\u00f3 que los datos del INEC contienen cifras de empleados adecuados, inadecuados, subempleados y no clasificados; y de esta manera se evita la distorsi\u00f3n de la incorporaci\u00f3n a la n\u00f3mina. (I) &nbsp; Fuente: http:\/\/www.eluniverso.com\/noticias\/2016\/01\/05\/nota\/5326747\/cordes-pidio-aclaracion-secom-datos-inec<\/p>\n","protected":false},"author":1,"featured_media":236968,"comment_status":"open","ping_status":"open","sticky":false,"template":"","format":"standard","meta":[],"categories":[40],"tags":[],"_links":{"self":[{"href":"https:\/\/www.ecuadortimes.net\/es\/wp-json\/wp\/v2\/posts\/236967"}],"collection":[{"href":"https:\/\/www.ecuadortimes.net\/es\/wp-json\/wp\/v2\/posts"}],"about":[{"href":"https:\/\/www.ecuadortimes.net\/es\/wp-json\/wp\/v2\/types\/post"}],"author":[{"embeddable":true,"href":"https:\/\/www.ecuadortimes.net\/es\/wp-json\/wp\/v2\/users\/1"}],"replies":[{"embeddable":true,"href":"https:\/\/www.ecuadortimes.net\/es\/wp-json\/wp\/v2\/comments?post=236967"}],"version-history":[{"count":0,"href":"https:\/\/www.ecuadortimes.net\/es\/wp-json\/wp\/v2\/posts\/236967\/revisions"}],"wp:featuredmedia":[{"embeddable":true,"href":"https:\/\/www.ecuadortimes.net\/es\/wp-json\/wp\/v2\/media\/236968"}],"wp:attachment":[{"href":"https:\/\/www.ecuadortimes.net\/es\/wp-json\/wp\/v2\/media?parent=236967"}],"wp:term":[{"taxonomy":"category","embeddable":true,"href":"https:\/\/www.ecuadortimes.net\/es\/wp-json\/wp\/v2\/categories?post=236967"},{"taxonomy":"post_tag","embeddable":true,"href":"https:\/\/www.ecuadortimes.net\/es\/wp-json\/wp\/v2\/tags?post=236967"}],"curies":[{"name":"wp","href":"https:\/\/api.w.org\/{rel}","templated":true}]}}