{"id":236971,"date":"2016-01-05T00:00:00","date_gmt":"2016-01-05T00:00:00","guid":{"rendered":"https:\/\/www.ecuadortimes.net\/es\/buscamos-crear-un-precedente-dice-hernan-perez\/"},"modified":"2016-01-05T00:00:00","modified_gmt":"2016-01-05T00:00:00","slug":"buscamos-crear-un-precedente-dice-hernan-perez","status":"publish","type":"post","link":"https:\/\/www.ecuadortimes.net\/es\/buscamos-crear-un-precedente-dice-hernan-perez\/","title":{"rendered":"&#8220;Buscamos crear un precedente, dice Hern\u00e1n P\u00e9rez"},"content":{"rendered":"<p>&nbsp;<\/p>\n<div id=\"attachment_171835\" style=\"width: 310px\" class=\"wp-caption aligncenter\"><img aria-describedby=\"caption-attachment-171835\" loading=\"lazy\" class=\"size-medium wp-image-171835\" src=\"https:\/\/www.ecuadortimes.net\/es\/wp-content\/uploads\/2016\/01\/Captura-de-pantalla-2016-01-05-a-las-1.07.57-p.m.-300x200.png\" alt=\"Imagen: Expreso\" width=\"300\" height=\"200\" \/><p id=\"caption-attachment-171835\" class=\"wp-caption-text\">Imagen: Expreso<\/p><\/div>\n<p style=\"text-align: justify;\">En entrevista para diario Expreso, Hern\u00e1n P\u00e9rez abogado de diario El Universo sobre la demanda en contra del estado ecuatorianos, explica que buscan sus defendidos.<\/p>\n<p style=\"text-align: justify;\">\n<p style=\"text-align: justify;\">\n<p style=\"text-align: justify;\">Buscan por parte de la Corte Interamericana de Derechos Humanos que se declare que el Estado ecuatoriano viol\u00f3 la Convenci\u00f3n Americana de Derechos Humanos al haber iniciado el proceso penal contra los directores del diario, el periodista y la compa\u00f1\u00eda. En segundo lugar se busca la reparaci\u00f3n material.<\/p>\n<p style=\"text-align: justify;\">\n<p>Los peticionarios no tienen como fin de resarcirse econ\u00f3micamente, pero no es menos cierto que las v\u00edctimas de violaciones de derechos humanos tienen el derecho a ser reparadas econ\u00f3micamente en la medida de lo posible. Finalmente, crear un precedente para que no vuelva a suceder.\u009d<\/p>\n<p>&nbsp;<\/p>\n<p>El abogado menciona que los se\u00f1ores Per\u00e9z intentaron llegar a un acuerdo amistoso con el presidente Correa, cuando el caso estaba en Ecuador.<\/p>\n<p>&nbsp;<\/p>\n<p>Si el Estado le interesa ahorrarse el proceso que plantee una soluci\u00f3n amistosa.\u009d<\/p>\n<p>&nbsp;<\/p>\n<p>Para los pr\u00f3ximo meses est\u00e1n examinando el proceso para ver si hacen alg\u00fan tipo de acotaci\u00f3n. (I)<\/p>\n<p>Fuente: <a href=\"http:\/\/expreso.ec\/expreso\/plantillas\/nota.aspx?idart=8792029&amp;idcat=38473&amp;tipo=2\">http:\/\/expreso.ec\/expreso\/plantillas\/nota.aspx?idart=8792029&amp;idcat=38473&amp;tipo=2<\/a><\/p>\n","protected":false},"excerpt":{"rendered":"<p>&nbsp; En entrevista para diario Expreso, Hern\u00e1n P\u00e9rez abogado de diario El Universo sobre la demanda en contra del estado ecuatorianos, explica que buscan sus defendidos. Buscan por parte de la Corte Interamericana de Derechos Humanos que se declare que el Estado ecuatoriano viol\u00f3 la Convenci\u00f3n Americana de Derechos Humanos al haber iniciado el proceso penal contra los directores del diario, el periodista y la compa\u00f1\u00eda. En segundo lugar se busca la reparaci\u00f3n material. Los peticionarios no tienen como fin de resarcirse econ\u00f3micamente, pero no es menos cierto que las v\u00edctimas de violaciones de derechos humanos tienen el derecho a ser reparadas econ\u00f3micamente en la medida de lo posible. Finalmente, crear un precedente para que no vuelva a suceder.\u009d &nbsp; El abogado menciona que los se\u00f1ores Per\u00e9z intentaron llegar a un acuerdo amistoso con el presidente Correa, cuando el caso estaba en Ecuador. &nbsp; Si el Estado le interesa ahorrarse el proceso que plantee una soluci\u00f3n amistosa.\u009d &nbsp; Para los pr\u00f3ximo meses est\u00e1n examinando el proceso para ver si hacen alg\u00fan tipo de acotaci\u00f3n. (I) Fuente: http:\/\/expreso.ec\/expreso\/plantillas\/nota.aspx?idart=8792029&amp;idcat=38473&amp;tipo=2<\/p>\n","protected":false},"author":1,"featured_media":0,"comment_status":"open","ping_status":"open","sticky":false,"template":"","format":"standard","meta":[],"categories":[54,40],"tags":[],"_links":{"self":[{"href":"https:\/\/www.ecuadortimes.net\/es\/wp-json\/wp\/v2\/posts\/236971"}],"collection":[{"href":"https:\/\/www.ecuadortimes.net\/es\/wp-json\/wp\/v2\/posts"}],"about":[{"href":"https:\/\/www.ecuadortimes.net\/es\/wp-json\/wp\/v2\/types\/post"}],"author":[{"embeddable":true,"href":"https:\/\/www.ecuadortimes.net\/es\/wp-json\/wp\/v2\/users\/1"}],"replies":[{"embeddable":true,"href":"https:\/\/www.ecuadortimes.net\/es\/wp-json\/wp\/v2\/comments?post=236971"}],"version-history":[{"count":0,"href":"https:\/\/www.ecuadortimes.net\/es\/wp-json\/wp\/v2\/posts\/236971\/revisions"}],"wp:attachment":[{"href":"https:\/\/www.ecuadortimes.net\/es\/wp-json\/wp\/v2\/media?parent=236971"}],"wp:term":[{"taxonomy":"category","embeddable":true,"href":"https:\/\/www.ecuadortimes.net\/es\/wp-json\/wp\/v2\/categories?post=236971"},{"taxonomy":"post_tag","embeddable":true,"href":"https:\/\/www.ecuadortimes.net\/es\/wp-json\/wp\/v2\/tags?post=236971"}],"curies":[{"name":"wp","href":"https:\/\/api.w.org\/{rel}","templated":true}]}}