{"id":236972,"date":"2016-01-05T00:00:00","date_gmt":"2016-01-05T00:00:00","guid":{"rendered":"https:\/\/www.ecuadortimes.net\/es\/javier-diaz-la-reduccion-en-la-nomina-textil-fue-de-entre-un-10-y-un-40\/"},"modified":"2016-01-05T00:00:00","modified_gmt":"2016-01-05T00:00:00","slug":"javier-diaz-la-reduccion-en-la-nomina-textil-fue-de-entre-un-10-y-un-40","status":"publish","type":"post","link":"https:\/\/www.ecuadortimes.net\/es\/javier-diaz-la-reduccion-en-la-nomina-textil-fue-de-entre-un-10-y-un-40\/","title":{"rendered":"Javier D\u00edaz: &#8220;La reducci\u00f3n en la n\u00f3mina textil fue de entre un 10 y un 40 %&#8221;"},"content":{"rendered":"<p>&nbsp;<\/p>\n<p><img loading=\"lazy\" class=\"size-medium wp-image-171836 alignright\" src=\"https:\/\/www.ecuadortimes.net\/es\/wp-content\/uploads\/2016\/01\/Captura-de-pantalla-2016-01-05-a-las-3.37.12-p.m.-194x300.png\" alt=\"Captura de pantalla 2016-01-05 a las 3.37.12 p.m.\" width=\"194\" height=\"300\" \/><\/p>\n<p style=\"text-align: justify;\">El cobro de las sobretasas desde marzo de 2015, \u00bfafect\u00f3 o no al sector textil? Sobre esto y otros temas habla con Diario Expreso Javier D\u00edaz, <strong>presidente de la Asociaci\u00f3n de Industriales Textiles del Ecuador (AITE)<\/strong>.<\/p>\n<p style=\"text-align: justify;\">\n<p style=\"text-align: justify;\">En materia prima se pag\u00f3 un 5 %. En otros insumos se pag\u00f3 valores por entre 15 y 45 %. Entonces, con esos incrementos obviamente los costos de producci\u00f3n sufrieron un alza. Por eso desde marzo solicitamos al Gobierno algunas modificaciones. Cuando se aprob\u00f3 la resoluci\u00f3n del Comex para cambiar las sobretasas, se incluy\u00f3 solo una partida de nuestro sector en ese caso. As\u00ed que, claro, hubo una afectaci\u00f3n. (I)<\/p>\n<p>&nbsp;<\/p>\n<p>Fuente: <a href=\"http:\/\/expreso.ec\/expreso\/plantillas\/nota.aspx?idart=8792184&amp;idcat=38269&amp;tipo=2\">http:\/\/expreso.ec\/expreso\/plantillas\/nota.aspx?idart=8792184&amp;idcat=38269&amp;tipo=2<\/a><\/p>\n","protected":false},"excerpt":{"rendered":"<p>&nbsp; El cobro de las sobretasas desde marzo de 2015, \u00bfafect\u00f3 o no al sector textil? Sobre esto y otros temas habla con Diario Expreso Javier D\u00edaz, presidente de la Asociaci\u00f3n de Industriales Textiles del Ecuador (AITE). En materia prima se pag\u00f3 un 5 %. En otros insumos se pag\u00f3 valores por entre 15 y 45 %. Entonces, con esos incrementos obviamente los costos de producci\u00f3n sufrieron un alza. Por eso desde marzo solicitamos al Gobierno algunas modificaciones. Cuando se aprob\u00f3 la resoluci\u00f3n del Comex para cambiar las sobretasas, se incluy\u00f3 solo una partida de nuestro sector en ese caso. As\u00ed que, claro, hubo una afectaci\u00f3n. (I) &nbsp; Fuente: http:\/\/expreso.ec\/expreso\/plantillas\/nota.aspx?idart=8792184&amp;idcat=38269&amp;tipo=2<\/p>\n","protected":false},"author":1,"featured_media":0,"comment_status":"open","ping_status":"open","sticky":false,"template":"","format":"standard","meta":[],"categories":[40],"tags":[],"_links":{"self":[{"href":"https:\/\/www.ecuadortimes.net\/es\/wp-json\/wp\/v2\/posts\/236972"}],"collection":[{"href":"https:\/\/www.ecuadortimes.net\/es\/wp-json\/wp\/v2\/posts"}],"about":[{"href":"https:\/\/www.ecuadortimes.net\/es\/wp-json\/wp\/v2\/types\/post"}],"author":[{"embeddable":true,"href":"https:\/\/www.ecuadortimes.net\/es\/wp-json\/wp\/v2\/users\/1"}],"replies":[{"embeddable":true,"href":"https:\/\/www.ecuadortimes.net\/es\/wp-json\/wp\/v2\/comments?post=236972"}],"version-history":[{"count":0,"href":"https:\/\/www.ecuadortimes.net\/es\/wp-json\/wp\/v2\/posts\/236972\/revisions"}],"wp:attachment":[{"href":"https:\/\/www.ecuadortimes.net\/es\/wp-json\/wp\/v2\/media?parent=236972"}],"wp:term":[{"taxonomy":"category","embeddable":true,"href":"https:\/\/www.ecuadortimes.net\/es\/wp-json\/wp\/v2\/categories?post=236972"},{"taxonomy":"post_tag","embeddable":true,"href":"https:\/\/www.ecuadortimes.net\/es\/wp-json\/wp\/v2\/tags?post=236972"}],"curies":[{"name":"wp","href":"https:\/\/api.w.org\/{rel}","templated":true}]}}