{"id":236982,"date":"2016-01-06T00:00:00","date_gmt":"2016-01-06T00:00:00","guid":{"rendered":"https:\/\/www.ecuadortimes.net\/es\/cupo-de-250-millones-en-importaciones-de-celulares\/"},"modified":"2016-01-06T00:00:00","modified_gmt":"2016-01-06T00:00:00","slug":"cupo-de-250-millones-en-importaciones-de-celulares","status":"publish","type":"post","link":"https:\/\/www.ecuadortimes.net\/es\/cupo-de-250-millones-en-importaciones-de-celulares\/","title":{"rendered":"Cupo de $250 millones en importaciones de celulares"},"content":{"rendered":"<div id=\"attachment_171870\" style=\"width: 238px\" class=\"wp-caption alignright\"><img aria-describedby=\"caption-attachment-171870\" loading=\"lazy\" class=\"size-medium wp-image-171870\" src=\"https:\/\/www.ecuadortimes.net\/es\/wp-content\/uploads\/2016\/01\/celulares-ecuadortimes-ecuadornews-228x300.jpg\" alt=\"Imagen: El Universo\" width=\"228\" height=\"300\" \/><p id=\"caption-attachment-171870\" class=\"wp-caption-text\">Imagen: El Universo<\/p><\/div>\n<p style=\"text-align: justify;\">El cupo de importaci\u00f3n de tel\u00e9fonos celulares, entre smartphones, feature phones (los b\u00e1sicos) y dispositivos para otras redes inal\u00e1mbricas, se ampli\u00f3 en $ 50 millones para el 2016. Pasa de $ 200 millones en 2015 a $250 millones en el 2016, inform\u00f3 el ministro de Comercio Exterior, Diego Aulestia.<\/p>\n<p style=\"text-align: justify;\">\n<p style=\"text-align: justify;\">Adem\u00e1s, anunci\u00f3 la apertura para la compra de un celular al a\u00f1o por parte de cualquier ciudadano con los couriers.<\/p>\n<p style=\"text-align: justify;\">\n<p style=\"text-align: justify;\">El secretario de Estado explic\u00f3 que dicho cupo (sin asignaci\u00f3n por empresa) se distribuir\u00e1 por trimestres, dependiendo de la estacionalidad. As\u00ed, en diciembre, por ejemplo, es cuando m\u00e1s cupo existir\u00e1.<\/p>\n<p style=\"text-align: justify;\">\n<p style=\"text-align: justify;\">Adicionalmente, el Comex baja el arancel de CKD para los ensambladores de tel\u00e9fonos en el pa\u00eds del 3% al 1%.<\/p>\n<p>&nbsp;<\/p>\n<p>Con la medida, el ministro Aulestia asegur\u00f3 que se pretende que los tel\u00e9fonos puedan ser adquiridos a menor precio y promover un mejor nivel tecnol\u00f3gico en el pa\u00eds. (I9<\/p>\n<p>&nbsp;<\/p>\n<p>Fuente: <a href=\"http:\/\/www.eluniverso.com\/noticias\/2016\/01\/06\/nota\/5327860\/cupo-250-millones-importaciones-celulares\">http:\/\/www.eluniverso.com\/noticias\/2016\/01\/06\/nota\/5327860\/cupo-250-millones-importaciones-celulares<\/a><\/p>\n","protected":false},"excerpt":{"rendered":"<p>El cupo de importaci\u00f3n de tel\u00e9fonos celulares, entre smartphones, feature phones (los b\u00e1sicos) y dispositivos para otras redes inal\u00e1mbricas, se ampli\u00f3 en $ 50 millones para el 2016. Pasa de $ 200 millones en 2015 a $250 millones en el 2016, inform\u00f3 el ministro de Comercio Exterior, Diego Aulestia. Adem\u00e1s, anunci\u00f3 la apertura para la compra de un celular al a\u00f1o por parte de cualquier ciudadano con los couriers. El secretario de Estado explic\u00f3 que dicho cupo (sin asignaci\u00f3n por empresa) se distribuir\u00e1 por trimestres, dependiendo de la estacionalidad. As\u00ed, en diciembre, por ejemplo, es cuando m\u00e1s cupo existir\u00e1. Adicionalmente, el Comex baja el arancel de CKD para los ensambladores de tel\u00e9fonos en el pa\u00eds del 3% al 1%. &nbsp; Con la medida, el ministro Aulestia asegur\u00f3 que se pretende que los tel\u00e9fonos puedan ser adquiridos a menor precio y promover un mejor nivel tecnol\u00f3gico en el pa\u00eds. (I9 &nbsp; Fuente: http:\/\/www.eluniverso.com\/noticias\/2016\/01\/06\/nota\/5327860\/cupo-250-millones-importaciones-celulares<\/p>\n","protected":false},"author":1,"featured_media":236983,"comment_status":"open","ping_status":"open","sticky":false,"template":"","format":"standard","meta":[],"categories":[54,43],"tags":[],"_links":{"self":[{"href":"https:\/\/www.ecuadortimes.net\/es\/wp-json\/wp\/v2\/posts\/236982"}],"collection":[{"href":"https:\/\/www.ecuadortimes.net\/es\/wp-json\/wp\/v2\/posts"}],"about":[{"href":"https:\/\/www.ecuadortimes.net\/es\/wp-json\/wp\/v2\/types\/post"}],"author":[{"embeddable":true,"href":"https:\/\/www.ecuadortimes.net\/es\/wp-json\/wp\/v2\/users\/1"}],"replies":[{"embeddable":true,"href":"https:\/\/www.ecuadortimes.net\/es\/wp-json\/wp\/v2\/comments?post=236982"}],"version-history":[{"count":0,"href":"https:\/\/www.ecuadortimes.net\/es\/wp-json\/wp\/v2\/posts\/236982\/revisions"}],"wp:featuredmedia":[{"embeddable":true,"href":"https:\/\/www.ecuadortimes.net\/es\/wp-json\/wp\/v2\/media\/236983"}],"wp:attachment":[{"href":"https:\/\/www.ecuadortimes.net\/es\/wp-json\/wp\/v2\/media?parent=236982"}],"wp:term":[{"taxonomy":"category","embeddable":true,"href":"https:\/\/www.ecuadortimes.net\/es\/wp-json\/wp\/v2\/categories?post=236982"},{"taxonomy":"post_tag","embeddable":true,"href":"https:\/\/www.ecuadortimes.net\/es\/wp-json\/wp\/v2\/tags?post=236982"}],"curies":[{"name":"wp","href":"https:\/\/api.w.org\/{rel}","templated":true}]}}