{"id":236991,"date":"2016-01-07T00:00:00","date_gmt":"2016-01-07T00:00:00","guid":{"rendered":"https:\/\/www.ecuadortimes.net\/es\/a-350-empleados-de-la-universidad-central-del-ecuador-no-se-les-renovo-contrato\/"},"modified":"2016-01-07T00:00:00","modified_gmt":"2016-01-07T00:00:00","slug":"a-350-empleados-de-la-universidad-central-del-ecuador-no-se-les-renovo-contrato","status":"publish","type":"post","link":"https:\/\/www.ecuadortimes.net\/es\/a-350-empleados-de-la-universidad-central-del-ecuador-no-se-les-renovo-contrato\/","title":{"rendered":"A 350 empleados de la Universidad Central del Ecuador no se les renov\u00f3 contrato"},"content":{"rendered":"<p>&nbsp;<\/p>\n<p style=\"text-align: justify;\"><img loading=\"lazy\" class=\"size-medium wp-image-171887 alignright\" src=\"https:\/\/www.ecuadortimes.net\/es\/wp-content\/uploads\/2016\/01\/universidad-central-ECUADORTIMES-ECUADORNEWS-300x173.jpg\" alt=\"universidad central-ECUADORTIMES-ECUADORNEWS\" width=\"300\" height=\"173\" \/>La Universidad Central del Ecuador decidi\u00f3 no renovar los contratos de al menos 350 de sus empleados administrativos, debido a problemas en su presupuesto que depende del Gobierno.<\/p>\n<p style=\"text-align: justify;\">\n<p style=\"text-align: justify;\">El 4 de enero pasado, el departamento de Talento Humano comunic\u00f3 mediante la circular 0003 DTH, publicada en la p\u00e1gina web de la entidad, que quedaba terminantemente prohibida la renovaci\u00f3n de contratos de servicios ocasionales en el nivel administrativo, debido a las limitaciones econ\u00f3micas, establecidas en el presupuesto general para el 2016\u009d.<\/p>\n<p style=\"text-align: justify;\">\n<p>En la comunicaci\u00f3n tambi\u00e9n se asegura que los servidores cuyo contrato concluy\u00f3 el 31 de diciembre pasado no deber\u00e1n continuar laborando\u009d.<\/p>\n<p>&nbsp;<\/p>\n<p>La noticia tom\u00f3 por sorpresa a los administrativos entre los cuales se encuentran secretarias, asistentes de laboratorio, asistentes financieros, entre otros, report\u00f3 Lady Romo, una de las perjudicadas. (I)<\/p>\n<p>&nbsp;<\/p>\n<p>Fuente: <a href=\"http:\/\/www.eluniverso.com\/noticias\/2016\/01\/07\/nota\/5329615\/350-empleados-central-no-se-les-renovo-contrato\">http:\/\/www.eluniverso.com\/noticias\/2016\/01\/07\/nota\/5329615\/350-empleados-central-no-se-les-renovo-contrato<\/a><\/p>\n<p>&nbsp;<\/p>\n<p>&nbsp;<\/p>\n","protected":false},"excerpt":{"rendered":"<p>&nbsp; La Universidad Central del Ecuador decidi\u00f3 no renovar los contratos de al menos 350 de sus empleados administrativos, debido a problemas en su presupuesto que depende del Gobierno. El 4 de enero pasado, el departamento de Talento Humano comunic\u00f3 mediante la circular 0003 DTH, publicada en la p\u00e1gina web de la entidad, que quedaba terminantemente prohibida la renovaci\u00f3n de contratos de servicios ocasionales en el nivel administrativo, debido a las limitaciones econ\u00f3micas, establecidas en el presupuesto general para el 2016\u009d. En la comunicaci\u00f3n tambi\u00e9n se asegura que los servidores cuyo contrato concluy\u00f3 el 31 de diciembre pasado no deber\u00e1n continuar laborando\u009d. &nbsp; La noticia tom\u00f3 por sorpresa a los administrativos entre los cuales se encuentran secretarias, asistentes de laboratorio, asistentes financieros, entre otros, report\u00f3 Lady Romo, una de las perjudicadas. (I) &nbsp; Fuente: http:\/\/www.eluniverso.com\/noticias\/2016\/01\/07\/nota\/5329615\/350-empleados-central-no-se-les-renovo-contrato &nbsp; &nbsp;<\/p>\n","protected":false},"author":1,"featured_media":236992,"comment_status":"open","ping_status":"open","sticky":false,"template":"","format":"standard","meta":[],"categories":[40],"tags":[],"_links":{"self":[{"href":"https:\/\/www.ecuadortimes.net\/es\/wp-json\/wp\/v2\/posts\/236991"}],"collection":[{"href":"https:\/\/www.ecuadortimes.net\/es\/wp-json\/wp\/v2\/posts"}],"about":[{"href":"https:\/\/www.ecuadortimes.net\/es\/wp-json\/wp\/v2\/types\/post"}],"author":[{"embeddable":true,"href":"https:\/\/www.ecuadortimes.net\/es\/wp-json\/wp\/v2\/users\/1"}],"replies":[{"embeddable":true,"href":"https:\/\/www.ecuadortimes.net\/es\/wp-json\/wp\/v2\/comments?post=236991"}],"version-history":[{"count":0,"href":"https:\/\/www.ecuadortimes.net\/es\/wp-json\/wp\/v2\/posts\/236991\/revisions"}],"wp:featuredmedia":[{"embeddable":true,"href":"https:\/\/www.ecuadortimes.net\/es\/wp-json\/wp\/v2\/media\/236992"}],"wp:attachment":[{"href":"https:\/\/www.ecuadortimes.net\/es\/wp-json\/wp\/v2\/media?parent=236991"}],"wp:term":[{"taxonomy":"category","embeddable":true,"href":"https:\/\/www.ecuadortimes.net\/es\/wp-json\/wp\/v2\/categories?post=236991"},{"taxonomy":"post_tag","embeddable":true,"href":"https:\/\/www.ecuadortimes.net\/es\/wp-json\/wp\/v2\/tags?post=236991"}],"curies":[{"name":"wp","href":"https:\/\/api.w.org\/{rel}","templated":true}]}}