{"id":236993,"date":"2016-01-07T00:00:00","date_gmt":"2016-01-07T00:00:00","guid":{"rendered":"https:\/\/www.ecuadortimes.net\/es\/alianza-pais-inicia-la-revision-del-ano-electoral\/"},"modified":"2016-01-07T00:00:00","modified_gmt":"2016-01-07T00:00:00","slug":"alianza-pais-inicia-la-revision-del-ano-electoral","status":"publish","type":"post","link":"https:\/\/www.ecuadortimes.net\/es\/alianza-pais-inicia-la-revision-del-ano-electoral\/","title":{"rendered":"Alianza PAIS inicia la revisi\u00f3n del a\u00f1o electoral"},"content":{"rendered":"<p>&nbsp;<\/p>\n<div id=\"attachment_171886\" style=\"width: 310px\" class=\"wp-caption alignright\"><img aria-describedby=\"caption-attachment-171886\" loading=\"lazy\" class=\"size-medium wp-image-171886\" src=\"https:\/\/www.ecuadortimes.net\/es\/wp-content\/uploads\/2016\/01\/Captura-de-pantalla-2016-01-07-a-las-9.00.39-a.m.-300x282.png\" alt=\"Imagen: Expreso\" width=\"300\" height=\"282\" \/><p id=\"caption-attachment-171886\" class=\"wp-caption-text\">Imagen: Expreso<\/p><\/div>\n<p style=\"text-align: justify;\">El presidente de la Rep\u00fablica, Rafael Correa, se reuni\u00f3 ayer en Quito con la directiva del movimiento <strong>Alianza PAIS<\/strong>. \u00bfEl objetivo? Establecer una agenda pol\u00edtica que contenga ejes program\u00e1ticos. Las elecciones, por ejemplo.<\/p>\n<p style=\"text-align: justify;\">\n<p style=\"text-align: justify;\">A su llegada al encuentro con los l\u00edderes seccionales de su organizaci\u00f3n pol\u00edtica, el primer mandatario detall\u00f3 esos ejes. &#8220;Son temas varios. El segundo paquete de enmiendas constitucionales; analizar a lo que nos enfrentamos al ser un a\u00f1o preelectoral, siempre andan buscando un votito y se nos van a venir con todo. Veremos c\u00f3mo organizar en las provincias con posiciones claras&#8221;, afirm\u00f3.<\/p>\n<p style=\"text-align: justify;\">la secretaria ejecutiva de PAIS, Doris Soliz, explic\u00f3 que la agenda contendr\u00e1 los cronogramas de las convenciones que se dar\u00e1n durante este a\u00f1o, iniciando con la que se realizar\u00e1 en Guayaquil, por la conmemoraci\u00f3n de los nueve a\u00f1os de la Revoluci\u00f3n Ciudadana.<\/p>\n<p style=\"text-align: justify;\">\n<p style=\"text-align: justify;\">Adem\u00e1s, se analizar\u00e1 los mecanismos de elecci\u00f3n de candidatos para 2017. Ah\u00ed se deber\u00e1 definir si estas designaciones se har\u00e1n mediante primarias. Igualmente se determinar\u00e1n ejes program\u00e1ticos para el trabajo que se har\u00e1 en territorio. La exministra descart\u00f3 que en la cita se haya hablado de nombres de candidatos. (I)<\/p>\n<p style=\"text-align: justify;\">\n<p>&nbsp;<\/p>\n<p>Fuente: <a href=\"http:\/\/expreso.ec\/expreso\/plantillas\/nota.aspx?idart=8797316&amp;idcat=38473&amp;tipo=2\">http:\/\/expreso.ec\/expreso\/plantillas\/nota.aspx?idart=8797316&amp;idcat=38473&amp;tipo=2<\/a><\/p>\n","protected":false},"excerpt":{"rendered":"<p>&nbsp; El presidente de la Rep\u00fablica, Rafael Correa, se reuni\u00f3 ayer en Quito con la directiva del movimiento Alianza PAIS. \u00bfEl objetivo? Establecer una agenda pol\u00edtica que contenga ejes program\u00e1ticos. Las elecciones, por ejemplo. A su llegada al encuentro con los l\u00edderes seccionales de su organizaci\u00f3n pol\u00edtica, el primer mandatario detall\u00f3 esos ejes. &#8220;Son temas varios. El segundo paquete de enmiendas constitucionales; analizar a lo que nos enfrentamos al ser un a\u00f1o preelectoral, siempre andan buscando un votito y se nos van a venir con todo. Veremos c\u00f3mo organizar en las provincias con posiciones claras&#8221;, afirm\u00f3. la secretaria ejecutiva de PAIS, Doris Soliz, explic\u00f3 que la agenda contendr\u00e1 los cronogramas de las convenciones que se dar\u00e1n durante este a\u00f1o, iniciando con la que se realizar\u00e1 en Guayaquil, por la conmemoraci\u00f3n de los nueve a\u00f1os de la Revoluci\u00f3n Ciudadana. Adem\u00e1s, se analizar\u00e1 los mecanismos de elecci\u00f3n de candidatos para 2017. Ah\u00ed se deber\u00e1 definir si estas designaciones se har\u00e1n mediante primarias. Igualmente se determinar\u00e1n ejes program\u00e1ticos para el trabajo que se har\u00e1 en territorio. La exministra descart\u00f3 que en la cita se haya hablado de nombres de candidatos. (I) &nbsp; Fuente: http:\/\/expreso.ec\/expreso\/plantillas\/nota.aspx?idart=8797316&amp;idcat=38473&amp;tipo=2<\/p>\n","protected":false},"author":1,"featured_media":0,"comment_status":"open","ping_status":"open","sticky":false,"template":"","format":"standard","meta":[],"categories":[54,40],"tags":[],"_links":{"self":[{"href":"https:\/\/www.ecuadortimes.net\/es\/wp-json\/wp\/v2\/posts\/236993"}],"collection":[{"href":"https:\/\/www.ecuadortimes.net\/es\/wp-json\/wp\/v2\/posts"}],"about":[{"href":"https:\/\/www.ecuadortimes.net\/es\/wp-json\/wp\/v2\/types\/post"}],"author":[{"embeddable":true,"href":"https:\/\/www.ecuadortimes.net\/es\/wp-json\/wp\/v2\/users\/1"}],"replies":[{"embeddable":true,"href":"https:\/\/www.ecuadortimes.net\/es\/wp-json\/wp\/v2\/comments?post=236993"}],"version-history":[{"count":0,"href":"https:\/\/www.ecuadortimes.net\/es\/wp-json\/wp\/v2\/posts\/236993\/revisions"}],"wp:attachment":[{"href":"https:\/\/www.ecuadortimes.net\/es\/wp-json\/wp\/v2\/media?parent=236993"}],"wp:term":[{"taxonomy":"category","embeddable":true,"href":"https:\/\/www.ecuadortimes.net\/es\/wp-json\/wp\/v2\/categories?post=236993"},{"taxonomy":"post_tag","embeddable":true,"href":"https:\/\/www.ecuadortimes.net\/es\/wp-json\/wp\/v2\/tags?post=236993"}],"curies":[{"name":"wp","href":"https:\/\/api.w.org\/{rel}","templated":true}]}}