{"id":236994,"date":"2016-01-07T00:00:00","date_gmt":"2016-01-07T00:00:00","guid":{"rendered":"https:\/\/www.ecuadortimes.net\/es\/la-reserva-en-su-punto-mas-bajo-desde-el-2012\/"},"modified":"2016-01-07T00:00:00","modified_gmt":"2016-01-07T00:00:00","slug":"la-reserva-en-su-punto-mas-bajo-desde-el-2012","status":"publish","type":"post","link":"https:\/\/www.ecuadortimes.net\/es\/la-reserva-en-su-punto-mas-bajo-desde-el-2012\/","title":{"rendered":"La reserva, en su punto m\u00e1s bajo desde el 2012"},"content":{"rendered":"<p>&nbsp;<\/p>\n<div id=\"attachment_171897\" style=\"width: 310px\" class=\"wp-caption aligncenter\"><img aria-describedby=\"caption-attachment-171897\" loading=\"lazy\" class=\"size-medium wp-image-171897\" src=\"https:\/\/www.ecuadortimes.net\/es\/wp-content\/uploads\/2016\/01\/Captura-de-pantalla-2016-01-07-a-las-9.04.58-a.m.-300x164.png\" alt=\"Imagen: El Comercio\" width=\"300\" height=\"164\" \/><p id=\"caption-attachment-171897\" class=\"wp-caption-text\">Imagen: El Comercio<\/p><\/div>\n<p style=\"text-align: justify;\">Al 31 de diciembre pasado, las reservas internacionales sumaron USD 2 496 millones, el punto m\u00e1s bajo desde el 2012 comparado con igual mes de a\u00f1os anteriores.<\/p>\n<p style=\"text-align: justify;\">\n<p style=\"text-align: justify;\">Por primera vez, la reserva internacional no super\u00f3 la reserva bancaria desde que el pa\u00eds se dolariz\u00f3, dice Fausto Ortiz, exministro de Finanzas.<\/p>\n<p style=\"text-align: justify;\">\n<p style=\"text-align: justify;\">El mayor cambio en la reserva durante el 2015 se dio en noviembre. Manuel Gonz\u00e1lez, economista y catedr\u00e1tico de la <strong>Espol<\/strong>, explica que ese mes se produjo un agresivo proceso de desinversi\u00f3n de las reservas que estaban en t\u00edtulos para hacerlos efectivos. A la par, la posici\u00f3n en caja se redujo sustancialmente, dando a entender que este dinero en efectivo habr\u00eda sido tomado de la reserva por parte del BCE. (I)<\/p>\n<p>&nbsp;<\/p>\n<p>Fuente: <a href=\"http:\/\/www.elcomercio.com\/actualidad\/reserva-ecuador-2012-economia.html\">http:\/\/www.elcomercio.com\/actualidad\/reserva-ecuador-2012-economia.html<\/a><\/p>\n<p>&nbsp;<\/p>\n","protected":false},"excerpt":{"rendered":"<p>&nbsp; Al 31 de diciembre pasado, las reservas internacionales sumaron USD 2 496 millones, el punto m\u00e1s bajo desde el 2012 comparado con igual mes de a\u00f1os anteriores. Por primera vez, la reserva internacional no super\u00f3 la reserva bancaria desde que el pa\u00eds se dolariz\u00f3, dice Fausto Ortiz, exministro de Finanzas. El mayor cambio en la reserva durante el 2015 se dio en noviembre. Manuel Gonz\u00e1lez, economista y catedr\u00e1tico de la Espol, explica que ese mes se produjo un agresivo proceso de desinversi\u00f3n de las reservas que estaban en t\u00edtulos para hacerlos efectivos. A la par, la posici\u00f3n en caja se redujo sustancialmente, dando a entender que este dinero en efectivo habr\u00eda sido tomado de la reserva por parte del BCE. (I) &nbsp; Fuente: http:\/\/www.elcomercio.com\/actualidad\/reserva-ecuador-2012-economia.html &nbsp;<\/p>\n","protected":false},"author":1,"featured_media":0,"comment_status":"open","ping_status":"open","sticky":false,"template":"","format":"standard","meta":[],"categories":[54,43],"tags":[],"_links":{"self":[{"href":"https:\/\/www.ecuadortimes.net\/es\/wp-json\/wp\/v2\/posts\/236994"}],"collection":[{"href":"https:\/\/www.ecuadortimes.net\/es\/wp-json\/wp\/v2\/posts"}],"about":[{"href":"https:\/\/www.ecuadortimes.net\/es\/wp-json\/wp\/v2\/types\/post"}],"author":[{"embeddable":true,"href":"https:\/\/www.ecuadortimes.net\/es\/wp-json\/wp\/v2\/users\/1"}],"replies":[{"embeddable":true,"href":"https:\/\/www.ecuadortimes.net\/es\/wp-json\/wp\/v2\/comments?post=236994"}],"version-history":[{"count":0,"href":"https:\/\/www.ecuadortimes.net\/es\/wp-json\/wp\/v2\/posts\/236994\/revisions"}],"wp:attachment":[{"href":"https:\/\/www.ecuadortimes.net\/es\/wp-json\/wp\/v2\/media?parent=236994"}],"wp:term":[{"taxonomy":"category","embeddable":true,"href":"https:\/\/www.ecuadortimes.net\/es\/wp-json\/wp\/v2\/categories?post=236994"},{"taxonomy":"post_tag","embeddable":true,"href":"https:\/\/www.ecuadortimes.net\/es\/wp-json\/wp\/v2\/tags?post=236994"}],"curies":[{"name":"wp","href":"https:\/\/api.w.org\/{rel}","templated":true}]}}