{"id":236995,"date":"2016-01-07T00:00:00","date_gmt":"2016-01-07T00:00:00","guid":{"rendered":"https:\/\/www.ecuadortimes.net\/es\/la-votacion-de-la-ley-de-tierras-se-concreta-hoy\/"},"modified":"2016-01-07T00:00:00","modified_gmt":"2016-01-07T00:00:00","slug":"la-votacion-de-la-ley-de-tierras-se-concreta-hoy","status":"publish","type":"post","link":"https:\/\/www.ecuadortimes.net\/es\/la-votacion-de-la-ley-de-tierras-se-concreta-hoy\/","title":{"rendered":"La votaci\u00f3n de la Ley de Tierras se concreta hoy"},"content":{"rendered":"<p><strong>\u00a0<\/strong><strong>\u00a0<\/strong><\/p>\n<div id=\"attachment_171902\" style=\"width: 310px\" class=\"wp-caption alignright\"><img aria-describedby=\"caption-attachment-171902\" loading=\"lazy\" class=\"size-medium wp-image-171902\" src=\"https:\/\/www.ecuadortimes.net\/es\/wp-content\/uploads\/2016\/01\/Captura-de-pantalla-2016-01-07-a-las-9.46.11-a.m.-300x201.png\" alt=\"Imagen: Expreso\" width=\"300\" height=\"201\" \/><p id=\"caption-attachment-171902\" class=\"wp-caption-text\">Imagen: Expreso<\/p><\/div>\n<p style=\"text-align: justify;\">Para el movimiento gubernamental, la votaci\u00f3n (que se espera ser\u00e1 hoy, luego de una larga cola de intervenciones) implica cumplir con la agenda determinada inicialmente.<\/p>\n<p style=\"text-align: justify;\">\n<p style=\"text-align: justify;\">En cambio, para la oposici\u00f3n es otro tema para la protesta y las movilizaciones sociales contra el Gobierno.<\/p>\n<p style=\"text-align: justify;\">\n<p style=\"text-align: justify;\">Con esta nueva normativa, la mayor\u00eda parlamentaria pretende &#8220;arreglar los problemas de las tierras rurales en el pa\u00eds&#8221;. Titularizaci\u00f3n, baja productividad, conflictos en reservas ecol\u00f3gicas, latifundio y minifundio, redistribuci\u00f3n de tierras, son parte de los problemas, seg\u00fan explic\u00f3 a EXPRESO el vicepresidente de la Comisi\u00f3n de Soberan\u00eda Alimentaria, Mauricio Proa\u00f1o.<\/p>\n<p style=\"text-align: justify;\">\n<p style=\"text-align: justify;\">Datos oficiales muestran que la falta de t\u00edtulos de propiedad de las tierras afecta a un cuarto de mill\u00f3n de familias ecuatorianas. La gente no puede titularizar porque los tr\u00e1mites son largos y hay solo cuatro sitios para hacerlo. Con la ley, el tr\u00e1mite se har\u00e1 en todos los municipios y estos tendr\u00e1n un plazo de dos a\u00f1os para el proceso. Con esos t\u00edtulos, sus propietarios tienen la opci\u00f3n para pedir cr\u00e9ditos. (I)<\/p>\n<p>&nbsp;<\/p>\n<p>&nbsp;<\/p>\n<p>Fuente: <a href=\"http:\/\/expreso.ec\/expreso\/plantillas\/nota.aspx?idart=8797901&amp;idcat=38473&amp;tipo=2\">http:\/\/expreso.ec\/expreso\/plantillas\/nota.aspx?idart=8797901&amp;idcat=38473&amp;tipo=2<\/a><\/p>\n<p>&nbsp;<\/p>\n<p>&nbsp;<\/p>\n","protected":false},"excerpt":{"rendered":"<p>\u00a0\u00a0 Para el movimiento gubernamental, la votaci\u00f3n (que se espera ser\u00e1 hoy, luego de una larga cola de intervenciones) implica cumplir con la agenda determinada inicialmente. En cambio, para la oposici\u00f3n es otro tema para la protesta y las movilizaciones sociales contra el Gobierno. Con esta nueva normativa, la mayor\u00eda parlamentaria pretende &#8220;arreglar los problemas de las tierras rurales en el pa\u00eds&#8221;. Titularizaci\u00f3n, baja productividad, conflictos en reservas ecol\u00f3gicas, latifundio y minifundio, redistribuci\u00f3n de tierras, son parte de los problemas, seg\u00fan explic\u00f3 a EXPRESO el vicepresidente de la Comisi\u00f3n de Soberan\u00eda Alimentaria, Mauricio Proa\u00f1o. Datos oficiales muestran que la falta de t\u00edtulos de propiedad de las tierras afecta a un cuarto de mill\u00f3n de familias ecuatorianas. La gente no puede titularizar porque los tr\u00e1mites son largos y hay solo cuatro sitios para hacerlo. Con la ley, el tr\u00e1mite se har\u00e1 en todos los municipios y estos tendr\u00e1n un plazo de dos a\u00f1os para el proceso. Con esos t\u00edtulos, sus propietarios tienen la opci\u00f3n para pedir cr\u00e9ditos. (I) &nbsp; &nbsp; Fuente: http:\/\/expreso.ec\/expreso\/plantillas\/nota.aspx?idart=8797901&amp;idcat=38473&amp;tipo=2 &nbsp; &nbsp;<\/p>\n","protected":false},"author":1,"featured_media":0,"comment_status":"open","ping_status":"open","sticky":false,"template":"","format":"standard","meta":[],"categories":[54,40],"tags":[],"_links":{"self":[{"href":"https:\/\/www.ecuadortimes.net\/es\/wp-json\/wp\/v2\/posts\/236995"}],"collection":[{"href":"https:\/\/www.ecuadortimes.net\/es\/wp-json\/wp\/v2\/posts"}],"about":[{"href":"https:\/\/www.ecuadortimes.net\/es\/wp-json\/wp\/v2\/types\/post"}],"author":[{"embeddable":true,"href":"https:\/\/www.ecuadortimes.net\/es\/wp-json\/wp\/v2\/users\/1"}],"replies":[{"embeddable":true,"href":"https:\/\/www.ecuadortimes.net\/es\/wp-json\/wp\/v2\/comments?post=236995"}],"version-history":[{"count":0,"href":"https:\/\/www.ecuadortimes.net\/es\/wp-json\/wp\/v2\/posts\/236995\/revisions"}],"wp:attachment":[{"href":"https:\/\/www.ecuadortimes.net\/es\/wp-json\/wp\/v2\/media?parent=236995"}],"wp:term":[{"taxonomy":"category","embeddable":true,"href":"https:\/\/www.ecuadortimes.net\/es\/wp-json\/wp\/v2\/categories?post=236995"},{"taxonomy":"post_tag","embeddable":true,"href":"https:\/\/www.ecuadortimes.net\/es\/wp-json\/wp\/v2\/tags?post=236995"}],"curies":[{"name":"wp","href":"https:\/\/api.w.org\/{rel}","templated":true}]}}