{"id":236996,"date":"2016-01-07T00:00:00","date_gmt":"2016-01-07T00:00:00","guid":{"rendered":"https:\/\/www.ecuadortimes.net\/es\/las-plagas-siembran-dudas-en-los-productores-de-maiz\/"},"modified":"2016-01-07T00:00:00","modified_gmt":"2016-01-07T00:00:00","slug":"las-plagas-siembran-dudas-en-los-productores-de-maiz","status":"publish","type":"post","link":"https:\/\/www.ecuadortimes.net\/es\/las-plagas-siembran-dudas-en-los-productores-de-maiz\/","title":{"rendered":"Las plagas siembran dudas en los productores de ma\u00edz"},"content":{"rendered":"<p>&nbsp;<\/p>\n<div id=\"attachment_171902\" style=\"width: 310px\" class=\"wp-caption alignright\"><img aria-describedby=\"caption-attachment-171902\" loading=\"lazy\" class=\"size-medium wp-image-171902\" src=\"https:\/\/www.ecuadortimes.net\/es\/wp-content\/uploads\/2016\/01\/Captura-de-pantalla-2016-01-07-a-las-9.46.11-a.m.-300x201.png\" alt=\"Imagen: Expreso\" width=\"300\" height=\"201\" \/><p id=\"caption-attachment-171902\" class=\"wp-caption-text\">Imagen: Expreso<\/p><\/div>\n<p style=\"text-align: justify;\">\u00c3\u0081ngel Su\u00e1rez administrador de la hacienda Las Ca\u00f1itas, del cant\u00f3n Puebloviejo, espera que esta cosecha de invierno sea buena. Pero la duda se genera por el ataque de la &#8220;langosta que afecta las 90 hect\u00e1reas que tiene&#8221; y por la cual tiene que fumigar cada 8 d\u00edas para evitar que se destruyan.<\/p>\n<p style=\"text-align: justify;\">\n<p style=\"text-align: justify;\">Espera obtener por hect\u00e1rea unos 150 quintales, pero quiere que el precio no baje de los 15,83 d\u00f3lares que obtuvo el a\u00f1o pasado por quintal.<\/p>\n<p style=\"text-align: justify;\">\n<p style=\"text-align: justify;\">En ma\u00edz amarillo es uno de los cultivos m\u00e1s importantes del pa\u00eds. Seg\u00fan la encuesta de 2014 en Ecuador se cosecharon 381.066 hect\u00e1reas, con una producci\u00f3n de 1&#8217;536.508 toneladas m\u00e9tricas, de acuerdo con las cifras del Instituto Nacional de Estad\u00edstica y Censos (INEC).<\/p>\n<p style=\"text-align: justify;\">\n<p style=\"text-align: justify;\">El 54,38 % de la producci\u00f3n (835.604 toneladas) sale de Los R\u00edos, el 14,59 % de Manab\u00ed y el 14,45 % de Guayas. La productividad promedio del pa\u00eds fue, ese a\u00f1o, de 4,03 toneladas m\u00e9tricas por hect\u00e1rea. (I)<\/p>\n<p style=\"text-align: justify;\">\n<p style=\"text-align: justify;\">Fuente: <a href=\"http:\/\/expreso.ec\/expreso\/plantillas\/nota.aspx?idart=8797399&amp;idcat=38229&amp;tipo=2\">http:\/\/expreso.ec\/expreso\/plantillas\/nota.aspx?idart=8797399&amp;idcat=38229&amp;tipo=2<\/a><\/p>\n<p>&nbsp;<\/p>\n","protected":false},"excerpt":{"rendered":"<p>&nbsp; \u00c3\u0081ngel Su\u00e1rez administrador de la hacienda Las Ca\u00f1itas, del cant\u00f3n Puebloviejo, espera que esta cosecha de invierno sea buena. Pero la duda se genera por el ataque de la &#8220;langosta que afecta las 90 hect\u00e1reas que tiene&#8221; y por la cual tiene que fumigar cada 8 d\u00edas para evitar que se destruyan. Espera obtener por hect\u00e1rea unos 150 quintales, pero quiere que el precio no baje de los 15,83 d\u00f3lares que obtuvo el a\u00f1o pasado por quintal. En ma\u00edz amarillo es uno de los cultivos m\u00e1s importantes del pa\u00eds. Seg\u00fan la encuesta de 2014 en Ecuador se cosecharon 381.066 hect\u00e1reas, con una producci\u00f3n de 1&#8217;536.508 toneladas m\u00e9tricas, de acuerdo con las cifras del Instituto Nacional de Estad\u00edstica y Censos (INEC). El 54,38 % de la producci\u00f3n (835.604 toneladas) sale de Los R\u00edos, el 14,59 % de Manab\u00ed y el 14,45 % de Guayas. La productividad promedio del pa\u00eds fue, ese a\u00f1o, de 4,03 toneladas m\u00e9tricas por hect\u00e1rea. (I) Fuente: http:\/\/expreso.ec\/expreso\/plantillas\/nota.aspx?idart=8797399&amp;idcat=38229&amp;tipo=2 &nbsp;<\/p>\n","protected":false},"author":1,"featured_media":0,"comment_status":"open","ping_status":"open","sticky":false,"template":"","format":"standard","meta":[],"categories":[35],"tags":[],"_links":{"self":[{"href":"https:\/\/www.ecuadortimes.net\/es\/wp-json\/wp\/v2\/posts\/236996"}],"collection":[{"href":"https:\/\/www.ecuadortimes.net\/es\/wp-json\/wp\/v2\/posts"}],"about":[{"href":"https:\/\/www.ecuadortimes.net\/es\/wp-json\/wp\/v2\/types\/post"}],"author":[{"embeddable":true,"href":"https:\/\/www.ecuadortimes.net\/es\/wp-json\/wp\/v2\/users\/1"}],"replies":[{"embeddable":true,"href":"https:\/\/www.ecuadortimes.net\/es\/wp-json\/wp\/v2\/comments?post=236996"}],"version-history":[{"count":0,"href":"https:\/\/www.ecuadortimes.net\/es\/wp-json\/wp\/v2\/posts\/236996\/revisions"}],"wp:attachment":[{"href":"https:\/\/www.ecuadortimes.net\/es\/wp-json\/wp\/v2\/media?parent=236996"}],"wp:term":[{"taxonomy":"category","embeddable":true,"href":"https:\/\/www.ecuadortimes.net\/es\/wp-json\/wp\/v2\/categories?post=236996"},{"taxonomy":"post_tag","embeddable":true,"href":"https:\/\/www.ecuadortimes.net\/es\/wp-json\/wp\/v2\/tags?post=236996"}],"curies":[{"name":"wp","href":"https:\/\/api.w.org\/{rel}","templated":true}]}}