{"id":236997,"date":"2016-01-07T00:00:00","date_gmt":"2016-01-07T00:00:00","guid":{"rendered":"https:\/\/www.ecuadortimes.net\/es\/fenomeno-el-nino-afecta-a-galapagos\/"},"modified":"2016-01-07T00:00:00","modified_gmt":"2016-01-07T00:00:00","slug":"fenomeno-el-nino-afecta-a-galapagos","status":"publish","type":"post","link":"https:\/\/www.ecuadortimes.net\/es\/fenomeno-el-nino-afecta-a-galapagos\/","title":{"rendered":"Fen\u00f3meno El Ni\u00f1o afecta a Gal\u00e1pagos"},"content":{"rendered":"<p><img loading=\"lazy\" class=\"alignleft size-medium wp-image-171911\" src=\"https:\/\/www.ecuadortimes.net\/es\/wp-content\/uploads\/2016\/01\/fenomen-el-ni\u00f1o-ecuadortimes-ecuadornews-300x201.jpg\" alt=\"fenomen el ni\u00f1o-ecuadortimes-ecuadornews\" width=\"300\" height=\"201\" \/>A pesar de las medidas de prevenci\u00f3n y el <strong>estado de excepci\u00f3n<\/strong> que desde el 18 de noviembre rige en 17 de las 24 provincias, el <strong>Fen\u00f3meno El Ni\u00f1o<\/strong>, ya empez\u00f3 a marcar su estela de destrucci\u00f3n y muerte.<\/p>\n<p>El s\u00e1bado pasado en<strong> Guayaquil<\/strong>, la ca\u00edda de un \u00e1rbol de ceibo sobre una casa en Monte Sina\u00ed (noroeste) y provoc\u00f3 la muerte de una ni\u00f1a de dos a\u00f1os y su padrastro.<\/p>\n<p>En <strong>Gal\u00e1pagos<\/strong>, el pasado lunes una torrencial lluvia, inund\u00f3 y paraliz\u00f3 el tr\u00e1fico por unas cinco horas en la v\u00eda Puerto Ayora-Canal de Itabaca, perjudicando al turismo. Adem\u00e1s, la fuerza del agua destruy\u00f3 la ciclov\u00eda, inund\u00f3 casas y afect\u00f3 sitios de la zona protegida.<\/p>\n<p>La Direcci\u00f3n del Parque Nacional Gal\u00e1pagos inform\u00f3 ayer que realiz\u00f3 una evaluaci\u00f3n de las afectaciones ambientales. En Los Gemelos y Salasaca hay varios \u00e1rboles ca\u00eddos o quebrados. Las zonas de anidaci\u00f3n de tortugas gigantes se han visto afectadas, como El Chato y La Torta.<\/p>\n<p>En la isla Isabela, el acceso a los sitios de visita Volc\u00e1n Chico y Minas de Azufre fue afectado seriamente por lo que la autoridad ambiental eval\u00faa la posibilidad de un cierre\u009d, seg\u00fan el informe del organismo. (I)<\/p>\n<p>Fuente:\u00a0http:\/\/www.eluniverso.com\/noticias\/2016\/01\/07\/nota\/5329540\/perdidas-3-mil-millones-97-98-hoy-islas-estan-afectadas<\/p>\n","protected":false},"excerpt":{"rendered":"<p>A pesar de las medidas de prevenci\u00f3n y el estado de excepci\u00f3n que desde el 18 de noviembre rige en 17 de las 24 provincias, el Fen\u00f3meno El Ni\u00f1o, ya empez\u00f3 a marcar su estela de destrucci\u00f3n y muerte. El s\u00e1bado pasado en Guayaquil, la ca\u00edda de un \u00e1rbol de ceibo sobre una casa en Monte Sina\u00ed (noroeste) y provoc\u00f3 la muerte de una ni\u00f1a de dos a\u00f1os y su padrastro. En Gal\u00e1pagos, el pasado lunes una torrencial lluvia, inund\u00f3 y paraliz\u00f3 el tr\u00e1fico por unas cinco horas en la v\u00eda Puerto Ayora-Canal de Itabaca, perjudicando al turismo. Adem\u00e1s, la fuerza del agua destruy\u00f3 la ciclov\u00eda, inund\u00f3 casas y afect\u00f3 sitios de la zona protegida. La Direcci\u00f3n del Parque Nacional Gal\u00e1pagos inform\u00f3 ayer que realiz\u00f3 una evaluaci\u00f3n de las afectaciones ambientales. En Los Gemelos y Salasaca hay varios \u00e1rboles ca\u00eddos o quebrados. Las zonas de anidaci\u00f3n de tortugas gigantes se han visto afectadas, como El Chato y La Torta. En la isla Isabela, el acceso a los sitios de visita Volc\u00e1n Chico y Minas de Azufre fue afectado seriamente por lo que la autoridad ambiental eval\u00faa la posibilidad de un cierre\u009d, seg\u00fan el informe del organismo. (I) Fuente:\u00a0http:\/\/www.eluniverso.com\/noticias\/2016\/01\/07\/nota\/5329540\/perdidas-3-mil-millones-97-98-hoy-islas-estan-afectadas<\/p>\n","protected":false},"author":1,"featured_media":236998,"comment_status":"open","ping_status":"open","sticky":false,"template":"","format":"standard","meta":[],"categories":[43,37],"tags":[],"_links":{"self":[{"href":"https:\/\/www.ecuadortimes.net\/es\/wp-json\/wp\/v2\/posts\/236997"}],"collection":[{"href":"https:\/\/www.ecuadortimes.net\/es\/wp-json\/wp\/v2\/posts"}],"about":[{"href":"https:\/\/www.ecuadortimes.net\/es\/wp-json\/wp\/v2\/types\/post"}],"author":[{"embeddable":true,"href":"https:\/\/www.ecuadortimes.net\/es\/wp-json\/wp\/v2\/users\/1"}],"replies":[{"embeddable":true,"href":"https:\/\/www.ecuadortimes.net\/es\/wp-json\/wp\/v2\/comments?post=236997"}],"version-history":[{"count":0,"href":"https:\/\/www.ecuadortimes.net\/es\/wp-json\/wp\/v2\/posts\/236997\/revisions"}],"wp:featuredmedia":[{"embeddable":true,"href":"https:\/\/www.ecuadortimes.net\/es\/wp-json\/wp\/v2\/media\/236998"}],"wp:attachment":[{"href":"https:\/\/www.ecuadortimes.net\/es\/wp-json\/wp\/v2\/media?parent=236997"}],"wp:term":[{"taxonomy":"category","embeddable":true,"href":"https:\/\/www.ecuadortimes.net\/es\/wp-json\/wp\/v2\/categories?post=236997"},{"taxonomy":"post_tag","embeddable":true,"href":"https:\/\/www.ecuadortimes.net\/es\/wp-json\/wp\/v2\/tags?post=236997"}],"curies":[{"name":"wp","href":"https:\/\/api.w.org\/{rel}","templated":true}]}}