{"id":237001,"date":"2016-01-07T00:00:00","date_gmt":"2016-01-07T00:00:00","guid":{"rendered":"https:\/\/www.ecuadortimes.net\/es\/nuevo-plan-de-enmiendas-tambien-seria-via-asamblea-nacional\/"},"modified":"2016-01-07T00:00:00","modified_gmt":"2016-01-07T00:00:00","slug":"nuevo-plan-de-enmiendas-tambien-seria-via-asamblea-nacional","status":"publish","type":"post","link":"https:\/\/www.ecuadortimes.net\/es\/nuevo-plan-de-enmiendas-tambien-seria-via-asamblea-nacional\/","title":{"rendered":"Nuevo plan de enmiendas tambi\u00e9n ser\u00eda v\u00eda Asamblea Nacional"},"content":{"rendered":"<div id=\"attachment_171918\" style=\"width: 310px\" class=\"wp-caption aligncenter\"><img aria-describedby=\"caption-attachment-171918\" loading=\"lazy\" class=\"size-medium wp-image-171918\" src=\"https:\/\/www.ecuadortimes.net\/es\/wp-content\/uploads\/2016\/01\/enmienda-ecuadortimes-ecuadornews-300x189.jpg\" alt=\"Imagen: El Universo\" width=\"300\" height=\"189\" \/><p id=\"caption-attachment-171918\" class=\"wp-caption-text\">Imagen: El Universo<\/p><\/div>\n<p style=\"text-align: justify;\">El secretario jur\u00eddico de la Presidencia, Alexis Mera, se\u00f1al\u00f3 que el segundo paquete de enmiendas se tramitar\u00eda nuevamente con el mecanismo de enmiendas\u009d a trav\u00e9s del bloque de asamble\u00edstas.<\/p>\n<p style=\"text-align: justify;\">\n<p style=\"text-align: justify;\">Mera descart\u00f3 la consulta popular solo por agilidad\u009d. Por ejemplo, queremos plantearle al pa\u00eds que no es necesario que en el Consejo de Participaci\u00f3n se elija las autoridades de control a trav\u00e9s de comisiones ciudadanas de elecci\u00f3n. No es un tema que la Constituci\u00f3n exige que vaya a consulta popular\u009d.<\/p>\n<p style=\"text-align: justify;\">\n<p style=\"text-align: justify;\">El funcionario de Presidencia dijo que se est\u00e1 evaluando y revisando con los legisladores los puntos que se presentar\u00e1n en los pr\u00f3ximos d\u00edas para este nuevo paquete de enmiendas. Mera insisti\u00f3 en una enmienda para la funci\u00f3n de la Defensor\u00eda del Pueblo que, al momento, parecer\u00eda un juzgado. (I)<\/p>\n<p>&nbsp;<\/p>\n<p>Fuente: <a href=\"http:\/\/www.eluniverso.com\/noticias\/2016\/01\/07\/nota\/5329621\/nuevo-plan-enmiendas-tambien-seria-asamblea\">http:\/\/www.eluniverso.com\/noticias\/2016\/01\/07\/nota\/5329621\/nuevo-plan-enmiendas-tambien-seria-asamblea<\/a><\/p>\n<p>&nbsp;<\/p>\n<p>&nbsp;<\/p>\n","protected":false},"excerpt":{"rendered":"<p>El secretario jur\u00eddico de la Presidencia, Alexis Mera, se\u00f1al\u00f3 que el segundo paquete de enmiendas se tramitar\u00eda nuevamente con el mecanismo de enmiendas\u009d a trav\u00e9s del bloque de asamble\u00edstas. Mera descart\u00f3 la consulta popular solo por agilidad\u009d. Por ejemplo, queremos plantearle al pa\u00eds que no es necesario que en el Consejo de Participaci\u00f3n se elija las autoridades de control a trav\u00e9s de comisiones ciudadanas de elecci\u00f3n. No es un tema que la Constituci\u00f3n exige que vaya a consulta popular\u009d. El funcionario de Presidencia dijo que se est\u00e1 evaluando y revisando con los legisladores los puntos que se presentar\u00e1n en los pr\u00f3ximos d\u00edas para este nuevo paquete de enmiendas. Mera insisti\u00f3 en una enmienda para la funci\u00f3n de la Defensor\u00eda del Pueblo que, al momento, parecer\u00eda un juzgado. (I) &nbsp; Fuente: http:\/\/www.eluniverso.com\/noticias\/2016\/01\/07\/nota\/5329621\/nuevo-plan-enmiendas-tambien-seria-asamblea &nbsp; &nbsp;<\/p>\n","protected":false},"author":1,"featured_media":237002,"comment_status":"open","ping_status":"open","sticky":false,"template":"","format":"standard","meta":[],"categories":[54,40],"tags":[],"_links":{"self":[{"href":"https:\/\/www.ecuadortimes.net\/es\/wp-json\/wp\/v2\/posts\/237001"}],"collection":[{"href":"https:\/\/www.ecuadortimes.net\/es\/wp-json\/wp\/v2\/posts"}],"about":[{"href":"https:\/\/www.ecuadortimes.net\/es\/wp-json\/wp\/v2\/types\/post"}],"author":[{"embeddable":true,"href":"https:\/\/www.ecuadortimes.net\/es\/wp-json\/wp\/v2\/users\/1"}],"replies":[{"embeddable":true,"href":"https:\/\/www.ecuadortimes.net\/es\/wp-json\/wp\/v2\/comments?post=237001"}],"version-history":[{"count":0,"href":"https:\/\/www.ecuadortimes.net\/es\/wp-json\/wp\/v2\/posts\/237001\/revisions"}],"wp:featuredmedia":[{"embeddable":true,"href":"https:\/\/www.ecuadortimes.net\/es\/wp-json\/wp\/v2\/media\/237002"}],"wp:attachment":[{"href":"https:\/\/www.ecuadortimes.net\/es\/wp-json\/wp\/v2\/media?parent=237001"}],"wp:term":[{"taxonomy":"category","embeddable":true,"href":"https:\/\/www.ecuadortimes.net\/es\/wp-json\/wp\/v2\/categories?post=237001"},{"taxonomy":"post_tag","embeddable":true,"href":"https:\/\/www.ecuadortimes.net\/es\/wp-json\/wp\/v2\/tags?post=237001"}],"curies":[{"name":"wp","href":"https:\/\/api.w.org\/{rel}","templated":true}]}}