{"id":237003,"date":"2016-01-07T00:00:00","date_gmt":"2016-01-07T00:00:00","guid":{"rendered":"https:\/\/www.ecuadortimes.net\/es\/los-despidos-impactan-mas-en-cinco-sectores\/"},"modified":"2016-01-07T00:00:00","modified_gmt":"2016-01-07T00:00:00","slug":"los-despidos-impactan-mas-en-cinco-sectores","status":"publish","type":"post","link":"https:\/\/www.ecuadortimes.net\/es\/los-despidos-impactan-mas-en-cinco-sectores\/","title":{"rendered":"Los despidos impactan m\u00e1s en cinco sectores"},"content":{"rendered":"<p><img loading=\"lazy\" class=\"alignleft size-medium wp-image-171920\" src=\"https:\/\/www.ecuadortimes.net\/es\/wp-content\/uploads\/2016\/01\/sector-construccion-desempleo-ecuadornews-ecuadortimes-300x166.jpg\" alt=\"sector construccion desempleo- ecuadornews-ecuadortimes\" width=\"300\" height=\"166\" \/>El impacto de las desvinculaciones y rotaci\u00f3n de <strong>trabajadores<\/strong> en <strong>empresas<\/strong> del pa\u00eds lo sienten m\u00e1s en sectores como la<strong> construcci\u00f3n<\/strong> (27,6 %), <strong>petr\u00f3leo<\/strong> (26,9 %), <strong>automotriz<\/strong> (21,2 %), <strong>seguros<\/strong> (13,8 %) y <strong>farmac\u00e9utico<\/strong> (11,9 %), seg\u00fan un estudio de la consultora Deloitte, que utiliz\u00f3 datos con cierre a noviembre de 2015 de 128 empresas nacionales y <strong>multinacionales<\/strong>.<\/p>\n<p>De acuerdo con el an\u00e1lisis, entre los principales motivos para los despidos de trabajadores est\u00e1n la reestructuraci\u00f3n, el presupuesto y el desempe\u00f1o.<\/p>\n<p>Fuente:\u00a0http:\/\/expreso.ec\/expreso\/plantillas\/nota.aspx?idart=8797396&amp;idcat=38229&amp;tipo=2<\/p>\n","protected":false},"excerpt":{"rendered":"<p>El impacto de las desvinculaciones y rotaci\u00f3n de trabajadores en empresas del pa\u00eds lo sienten m\u00e1s en sectores como la construcci\u00f3n (27,6 %), petr\u00f3leo (26,9 %), automotriz (21,2 %), seguros (13,8 %) y farmac\u00e9utico (11,9 %), seg\u00fan un estudio de la consultora Deloitte, que utiliz\u00f3 datos con cierre a noviembre de 2015 de 128 empresas nacionales y multinacionales. De acuerdo con el an\u00e1lisis, entre los principales motivos para los despidos de trabajadores est\u00e1n la reestructuraci\u00f3n, el presupuesto y el desempe\u00f1o. Fuente:\u00a0http:\/\/expreso.ec\/expreso\/plantillas\/nota.aspx?idart=8797396&amp;idcat=38229&amp;tipo=2<\/p>\n","protected":false},"author":1,"featured_media":237004,"comment_status":"open","ping_status":"open","sticky":false,"template":"","format":"standard","meta":[],"categories":[43,37],"tags":[],"_links":{"self":[{"href":"https:\/\/www.ecuadortimes.net\/es\/wp-json\/wp\/v2\/posts\/237003"}],"collection":[{"href":"https:\/\/www.ecuadortimes.net\/es\/wp-json\/wp\/v2\/posts"}],"about":[{"href":"https:\/\/www.ecuadortimes.net\/es\/wp-json\/wp\/v2\/types\/post"}],"author":[{"embeddable":true,"href":"https:\/\/www.ecuadortimes.net\/es\/wp-json\/wp\/v2\/users\/1"}],"replies":[{"embeddable":true,"href":"https:\/\/www.ecuadortimes.net\/es\/wp-json\/wp\/v2\/comments?post=237003"}],"version-history":[{"count":0,"href":"https:\/\/www.ecuadortimes.net\/es\/wp-json\/wp\/v2\/posts\/237003\/revisions"}],"wp:featuredmedia":[{"embeddable":true,"href":"https:\/\/www.ecuadortimes.net\/es\/wp-json\/wp\/v2\/media\/237004"}],"wp:attachment":[{"href":"https:\/\/www.ecuadortimes.net\/es\/wp-json\/wp\/v2\/media?parent=237003"}],"wp:term":[{"taxonomy":"category","embeddable":true,"href":"https:\/\/www.ecuadortimes.net\/es\/wp-json\/wp\/v2\/categories?post=237003"},{"taxonomy":"post_tag","embeddable":true,"href":"https:\/\/www.ecuadortimes.net\/es\/wp-json\/wp\/v2\/tags?post=237003"}],"curies":[{"name":"wp","href":"https:\/\/api.w.org\/{rel}","templated":true}]}}