{"id":237008,"date":"2016-01-08T00:00:00","date_gmt":"2016-01-08T00:00:00","guid":{"rendered":"https:\/\/www.ecuadortimes.net\/es\/en-nueva-ley-de-tierras-no-se-define-exceso-de-tierra\/"},"modified":"2016-01-08T00:00:00","modified_gmt":"2016-01-08T00:00:00","slug":"en-nueva-ley-de-tierras-no-se-define-exceso-de-tierra","status":"publish","type":"post","link":"https:\/\/www.ecuadortimes.net\/es\/en-nueva-ley-de-tierras-no-se-define-exceso-de-tierra\/","title":{"rendered":"&#8220;En nueva ley de tierras no se define &#8220;exceso de tierra&#8221;"},"content":{"rendered":"<p>&nbsp;<\/p>\n<p style=\"text-align: justify;\"><img loading=\"lazy\" class=\"size-medium wp-image-171930 aligncenter\" src=\"https:\/\/www.ecuadortimes.net\/es\/wp-content\/uploads\/2016\/01\/Captura-de-pantalla-2016-01-08-a-las-4.18.29-p.m.-300x165.png\" alt=\"Captura de pantalla 2016-01-08 a las 4.18.29 p.m.\" width=\"300\" height=\"165\" \/><\/p>\n<p style=\"text-align: justify;\">El Pleno de la Asamblea aprob\u00f3 este jueves el proyecto de Ley de Tierras Rurales y Territorios Ancestrales manteniendo el concepto de que latifundio es la propiedad rural de gran extensi\u00f3n &#8220;ineficientemente aprovechada&#8221; y con varios cambios en los art\u00edculos sobre afectaci\u00f3n, declaratoria de utilidad p\u00fablica y expropiaci\u00f3n de la tierra.<\/p>\n<p style=\"text-align: justify;\">\n<p style=\"text-align: justify;\">La asamble\u00edsta Lourdes Tib\u00e1n dijo que la ley no define el l\u00edmite para entender cu\u00e1l es el exceso de tierra y por eso se abstuvo en la Comisi\u00f3n de Soberan\u00eda Alimentaria y en el Pleno.<\/p>\n<p style=\"text-align: justify;\">\n<p style=\"text-align: justify;\">&#8220;Ellos dicen que el latifundio es cuando es mucha tierra, pero que est\u00e9 improductiva, mientras est\u00e9 productiva no es latifundio. Esto est\u00e1 relacionado tambi\u00e9n con la redistribuci\u00f3n de la tierra&#8221;, expuso. (I)<\/p>\n<p style=\"text-align: justify;\">\n<p>&nbsp;<\/p>\n<p>Fuente: <a href=\"http:\/\/www.eluniverso.com\/noticias\/2016\/01\/07\/nota\/5330764\/asamblea-aprueba-proyecto-ley-tierras-cambios-latifundio\">http:\/\/www.eluniverso.com\/noticias\/2016\/01\/07\/nota\/5330764\/asamblea-aprueba-proyecto-ley-tierras-cambios-latifundio<\/a><\/p>\n","protected":false},"excerpt":{"rendered":"<p>&nbsp; El Pleno de la Asamblea aprob\u00f3 este jueves el proyecto de Ley de Tierras Rurales y Territorios Ancestrales manteniendo el concepto de que latifundio es la propiedad rural de gran extensi\u00f3n &#8220;ineficientemente aprovechada&#8221; y con varios cambios en los art\u00edculos sobre afectaci\u00f3n, declaratoria de utilidad p\u00fablica y expropiaci\u00f3n de la tierra. La asamble\u00edsta Lourdes Tib\u00e1n dijo que la ley no define el l\u00edmite para entender cu\u00e1l es el exceso de tierra y por eso se abstuvo en la Comisi\u00f3n de Soberan\u00eda Alimentaria y en el Pleno. &#8220;Ellos dicen que el latifundio es cuando es mucha tierra, pero que est\u00e9 improductiva, mientras est\u00e9 productiva no es latifundio. Esto est\u00e1 relacionado tambi\u00e9n con la redistribuci\u00f3n de la tierra&#8221;, expuso. (I) &nbsp; Fuente: http:\/\/www.eluniverso.com\/noticias\/2016\/01\/07\/nota\/5330764\/asamblea-aprueba-proyecto-ley-tierras-cambios-latifundio<\/p>\n","protected":false},"author":1,"featured_media":0,"comment_status":"open","ping_status":"open","sticky":false,"template":"","format":"standard","meta":[],"categories":[54,40],"tags":[],"_links":{"self":[{"href":"https:\/\/www.ecuadortimes.net\/es\/wp-json\/wp\/v2\/posts\/237008"}],"collection":[{"href":"https:\/\/www.ecuadortimes.net\/es\/wp-json\/wp\/v2\/posts"}],"about":[{"href":"https:\/\/www.ecuadortimes.net\/es\/wp-json\/wp\/v2\/types\/post"}],"author":[{"embeddable":true,"href":"https:\/\/www.ecuadortimes.net\/es\/wp-json\/wp\/v2\/users\/1"}],"replies":[{"embeddable":true,"href":"https:\/\/www.ecuadortimes.net\/es\/wp-json\/wp\/v2\/comments?post=237008"}],"version-history":[{"count":0,"href":"https:\/\/www.ecuadortimes.net\/es\/wp-json\/wp\/v2\/posts\/237008\/revisions"}],"wp:attachment":[{"href":"https:\/\/www.ecuadortimes.net\/es\/wp-json\/wp\/v2\/media?parent=237008"}],"wp:term":[{"taxonomy":"category","embeddable":true,"href":"https:\/\/www.ecuadortimes.net\/es\/wp-json\/wp\/v2\/categories?post=237008"},{"taxonomy":"post_tag","embeddable":true,"href":"https:\/\/www.ecuadortimes.net\/es\/wp-json\/wp\/v2\/tags?post=237008"}],"curies":[{"name":"wp","href":"https:\/\/api.w.org\/{rel}","templated":true}]}}