{"id":237011,"date":"2016-01-08T00:00:00","date_gmt":"2016-01-08T00:00:00","guid":{"rendered":"https:\/\/www.ecuadortimes.net\/es\/el-nino-tendra-su-pico-maximo-en-febrero-segun-inocar\/"},"modified":"2016-01-08T00:00:00","modified_gmt":"2016-01-08T00:00:00","slug":"el-nino-tendra-su-pico-maximo-en-febrero-segun-inocar","status":"publish","type":"post","link":"https:\/\/www.ecuadortimes.net\/es\/el-nino-tendra-su-pico-maximo-en-febrero-segun-inocar\/","title":{"rendered":"El ni\u00f1o tendr\u00e1 su pico m\u00e1ximo en Febrero seg\u00fan Inocar"},"content":{"rendered":"<p>&nbsp;<\/p>\n<div id=\"attachment_171931\" style=\"width: 310px\" class=\"wp-caption aligncenter\"><img aria-describedby=\"caption-attachment-171931\" loading=\"lazy\" class=\"size-medium wp-image-171931\" src=\"https:\/\/www.ecuadortimes.net\/es\/wp-content\/uploads\/2016\/01\/NIN\u00cc\u0083O-ECUADORTIMES-ECUADORNEWS-300x194.jpg\" alt=\"Imagen: El Universo\" width=\"300\" height=\"194\" \/><p id=\"caption-attachment-171931\" class=\"wp-caption-text\">Imagen: El Universo<\/p><\/div>\n<p style=\"text-align: justify;\">El Ni\u00f1o contin\u00faa con una magnitud entre fuerte y moderada, seg\u00fan las autoridades. Se estiman probabilidades de lluvias sobre lo normal en la zona norte, interna y centro del pa\u00eds, como Esmeraldas, Manab\u00ed, el golfo de Guayaquil, en otras zonas costeras y en la regi\u00f3n Insular. Y para el resto de la regi\u00f3n Litoral se prev\u00e9n lluvias alrededor de sus valores normales.<\/p>\n<p style=\"text-align: justify;\">\n<p style=\"text-align: justify;\">Esta predicci\u00f3n la dio ayer el comandante Humberto G\u00f3mez Proa\u00f1o, director del Instituto Oceanogr\u00e1fico de la Armada (Inocar) y del Comit\u00e9 Nacional para el Estudio Regional del Fen\u00f3meno de El Ni\u00f1o (Erfen), al t\u00e9rmino de la reuni\u00f3n quincenal y la primera del a\u00f1o del Erfen.<\/p>\n<p>&nbsp;<\/p>\n<p>El actual evento ha generado altas temperaturas en el mar y en el aire, as\u00ed como incremento del nivel del mar, pero no ha generado lluvias mayores a lo normal, a\u00f1adi\u00f3 G\u00f3mez Proa\u00f1o. (I)<\/p>\n<p>&nbsp;<\/p>\n<p>Fuente: <a href=\"http:\/\/www.eluniverso.com\/noticias\/2016\/01\/08\/nota\/5331061\/nino-tendria-su-pico-proximo-mes-segun-inocar\">http:\/\/www.eluniverso.com\/noticias\/2016\/01\/08\/nota\/5331061\/nino-tendria-su-pico-proximo-mes-segun-inocar<\/a><\/p>\n","protected":false},"excerpt":{"rendered":"<p>&nbsp; El Ni\u00f1o contin\u00faa con una magnitud entre fuerte y moderada, seg\u00fan las autoridades. Se estiman probabilidades de lluvias sobre lo normal en la zona norte, interna y centro del pa\u00eds, como Esmeraldas, Manab\u00ed, el golfo de Guayaquil, en otras zonas costeras y en la regi\u00f3n Insular. Y para el resto de la regi\u00f3n Litoral se prev\u00e9n lluvias alrededor de sus valores normales. Esta predicci\u00f3n la dio ayer el comandante Humberto G\u00f3mez Proa\u00f1o, director del Instituto Oceanogr\u00e1fico de la Armada (Inocar) y del Comit\u00e9 Nacional para el Estudio Regional del Fen\u00f3meno de El Ni\u00f1o (Erfen), al t\u00e9rmino de la reuni\u00f3n quincenal y la primera del a\u00f1o del Erfen. &nbsp; El actual evento ha generado altas temperaturas en el mar y en el aire, as\u00ed como incremento del nivel del mar, pero no ha generado lluvias mayores a lo normal, a\u00f1adi\u00f3 G\u00f3mez Proa\u00f1o. (I) &nbsp; Fuente: http:\/\/www.eluniverso.com\/noticias\/2016\/01\/08\/nota\/5331061\/nino-tendria-su-pico-proximo-mes-segun-inocar<\/p>\n","protected":false},"author":1,"featured_media":237012,"comment_status":"open","ping_status":"open","sticky":false,"template":"","format":"standard","meta":[],"categories":[54,35],"tags":[],"_links":{"self":[{"href":"https:\/\/www.ecuadortimes.net\/es\/wp-json\/wp\/v2\/posts\/237011"}],"collection":[{"href":"https:\/\/www.ecuadortimes.net\/es\/wp-json\/wp\/v2\/posts"}],"about":[{"href":"https:\/\/www.ecuadortimes.net\/es\/wp-json\/wp\/v2\/types\/post"}],"author":[{"embeddable":true,"href":"https:\/\/www.ecuadortimes.net\/es\/wp-json\/wp\/v2\/users\/1"}],"replies":[{"embeddable":true,"href":"https:\/\/www.ecuadortimes.net\/es\/wp-json\/wp\/v2\/comments?post=237011"}],"version-history":[{"count":0,"href":"https:\/\/www.ecuadortimes.net\/es\/wp-json\/wp\/v2\/posts\/237011\/revisions"}],"wp:featuredmedia":[{"embeddable":true,"href":"https:\/\/www.ecuadortimes.net\/es\/wp-json\/wp\/v2\/media\/237012"}],"wp:attachment":[{"href":"https:\/\/www.ecuadortimes.net\/es\/wp-json\/wp\/v2\/media?parent=237011"}],"wp:term":[{"taxonomy":"category","embeddable":true,"href":"https:\/\/www.ecuadortimes.net\/es\/wp-json\/wp\/v2\/categories?post=237011"},{"taxonomy":"post_tag","embeddable":true,"href":"https:\/\/www.ecuadortimes.net\/es\/wp-json\/wp\/v2\/tags?post=237011"}],"curies":[{"name":"wp","href":"https:\/\/api.w.org\/{rel}","templated":true}]}}