{"id":237017,"date":"2016-01-09T00:00:00","date_gmt":"2016-01-09T00:00:00","guid":{"rendered":"https:\/\/www.ecuadortimes.net\/es\/se-aprueba-en-la-fef-la-liga-de-futbol-profesional\/"},"modified":"2016-01-09T00:00:00","modified_gmt":"2016-01-09T00:00:00","slug":"se-aprueba-en-la-fef-la-liga-de-futbol-profesional","status":"publish","type":"post","link":"https:\/\/www.ecuadortimes.net\/es\/se-aprueba-en-la-fef-la-liga-de-futbol-profesional\/","title":{"rendered":"Se aprueba en la FEF la Liga de F\u00fatbol Profesional"},"content":{"rendered":"<p>&nbsp;<\/p>\n<div id=\"attachment_171949\" style=\"width: 310px\" class=\"wp-caption aligncenter\"><img aria-describedby=\"caption-attachment-171949\" loading=\"lazy\" class=\"size-medium wp-image-171949\" src=\"https:\/\/www.ecuadortimes.net\/es\/wp-content\/uploads\/2016\/01\/Captura-de-pantalla-2016-01-09-a-las-9.04.29-a.m.-300x175.png\" alt=\"Imagen: El Universo\" width=\"300\" height=\"175\" \/><p id=\"caption-attachment-171949\" class=\"wp-caption-text\">Imagen: El Universo<\/p><\/div>\n<p style=\"text-align: justify;\">El proyecto que en octubre anterior prometi\u00f3 \u0098sepultar\u0099 Luis Chiriboga, hoy presidente suspendido de la Federaci\u00f3n Ecuatoriana de F\u00fatbol, fue aprobado ayer en el congreso ordinario de la FEF.<\/p>\n<p style=\"text-align: justify;\">\n<p style=\"text-align: justify;\">Con un acuerdo total de los delegados de las 22 asociaciones provinciales de balompi\u00e9 y los 24 equipos de las series A y B, se aprob\u00f3 la creaci\u00f3n de la Asociaci\u00f3n de F\u00fatbol Profesional Ecuatoriano. (I)<\/p>\n<p>&nbsp;<\/p>\n<p>Fuente: <a href=\"http:\/\/www.eluniverso.com\/deportes\/2016\/01\/09\/nota\/5332429\/se-aprueba-fef-liga-futbol-profesional\">http:\/\/www.eluniverso.com\/deportes\/2016\/01\/09\/nota\/5332429\/se-aprueba-fef-liga-futbol-profesional<\/a><\/p>\n","protected":false},"excerpt":{"rendered":"<p>&nbsp; El proyecto que en octubre anterior prometi\u00f3 \u0098sepultar\u0099 Luis Chiriboga, hoy presidente suspendido de la Federaci\u00f3n Ecuatoriana de F\u00fatbol, fue aprobado ayer en el congreso ordinario de la FEF. Con un acuerdo total de los delegados de las 22 asociaciones provinciales de balompi\u00e9 y los 24 equipos de las series A y B, se aprob\u00f3 la creaci\u00f3n de la Asociaci\u00f3n de F\u00fatbol Profesional Ecuatoriano. (I) &nbsp; Fuente: http:\/\/www.eluniverso.com\/deportes\/2016\/01\/09\/nota\/5332429\/se-aprueba-fef-liga-futbol-profesional<\/p>\n","protected":false},"author":1,"featured_media":0,"comment_status":"open","ping_status":"open","sticky":false,"template":"","format":"standard","meta":[],"categories":[54,38],"tags":[],"_links":{"self":[{"href":"https:\/\/www.ecuadortimes.net\/es\/wp-json\/wp\/v2\/posts\/237017"}],"collection":[{"href":"https:\/\/www.ecuadortimes.net\/es\/wp-json\/wp\/v2\/posts"}],"about":[{"href":"https:\/\/www.ecuadortimes.net\/es\/wp-json\/wp\/v2\/types\/post"}],"author":[{"embeddable":true,"href":"https:\/\/www.ecuadortimes.net\/es\/wp-json\/wp\/v2\/users\/1"}],"replies":[{"embeddable":true,"href":"https:\/\/www.ecuadortimes.net\/es\/wp-json\/wp\/v2\/comments?post=237017"}],"version-history":[{"count":0,"href":"https:\/\/www.ecuadortimes.net\/es\/wp-json\/wp\/v2\/posts\/237017\/revisions"}],"wp:attachment":[{"href":"https:\/\/www.ecuadortimes.net\/es\/wp-json\/wp\/v2\/media?parent=237017"}],"wp:term":[{"taxonomy":"category","embeddable":true,"href":"https:\/\/www.ecuadortimes.net\/es\/wp-json\/wp\/v2\/categories?post=237017"},{"taxonomy":"post_tag","embeddable":true,"href":"https:\/\/www.ecuadortimes.net\/es\/wp-json\/wp\/v2\/tags?post=237017"}],"curies":[{"name":"wp","href":"https:\/\/api.w.org\/{rel}","templated":true}]}}