{"id":237020,"date":"2016-01-09T00:00:00","date_gmt":"2016-01-09T00:00:00","guid":{"rendered":"https:\/\/www.ecuadortimes.net\/es\/air-europa-planea-conectar-guayaquil-con-madrid-este-ano\/"},"modified":"2016-01-09T00:00:00","modified_gmt":"2016-01-09T00:00:00","slug":"air-europa-planea-conectar-guayaquil-con-madrid-este-ano","status":"publish","type":"post","link":"https:\/\/www.ecuadortimes.net\/es\/air-europa-planea-conectar-guayaquil-con-madrid-este-ano\/","title":{"rendered":"Air Europa planea conectar Guayaquil con Madrid este a\u00f1o"},"content":{"rendered":"<p>&nbsp;<\/p>\n<p style=\"text-align: justify;\"><strong><img loading=\"lazy\" class=\"size-medium wp-image-171948 aligncenter\" src=\"https:\/\/www.ecuadortimes.net\/es\/wp-content\/uploads\/2016\/01\/AIR-EUROPA-RUTA-GUAYAQUIL-MADRID-ECUADORTIMES-ECUADORNEWS-300x200.jpg\" alt=\"AIR EUROPA-RUTA-GUAYAQUIL-MADRID-ECUADORTIMES-ECUADORNEWS\" width=\"300\" height=\"200\" \/><\/strong><\/p>\n<p style=\"text-align: justify;\"><strong>Guayaquil &#8211; Madrid<\/strong> ser\u00eda la nueva ruta que planea la <strong>compa\u00f1\u00eda a\u00e9rea Air Europa<\/strong>, de acuerdo a sus planes de crecimiento que tambi\u00e9n contemplan otras rutas en la regi\u00f3n, como B<strong>ogot\u00e1 \u0093 Madrid<\/strong>.<\/p>\n<p style=\"text-align: justify;\">\n<p style=\"text-align: justify;\">\n<p style=\"text-align: justify;\">Esta nueva ruta directa entre el Guayaquil y Madrid se concretar\u00eda en diciembre de 2016, seg\u00fan informa el<strong> sitio web espa\u00f1ol Expreso<\/strong>. Esta ser\u00eda la tercera aerol\u00ednea que ofrece la conexi\u00f3n entre ambas ciudades, ya que <strong>Iberia<\/strong> y<strong> Lan<\/strong> (Latam) tambi\u00e9n cubren la ruta.<\/p>\n<p>&nbsp;<\/p>\n<p>Con la incorporaci\u00f3n de los vuelos a Bogot\u00e1 y Guayaquil, Air Europa conectar\u00e1 sin escalas Madrid con Caracas (Venezuela), Lima (Per\u00fa), Santa Cruz (Bolivia), Salvador de Bah\u00eda y Sao Paulo (Brasil), Montevideo (Uruguay), Asunci\u00f3n (Paraguay), y Buenos Aires (Argentina). (I)<\/p>\n<p>&nbsp;<\/p>\n<p>Fuente: <a href=\"http:\/\/www.eluniverso.com\/noticias\/2016\/01\/08\/nota\/5332147\/air-europa-planea-conectar-guayaquil-madrid-este-ano\">http:\/\/www.eluniverso.com\/noticias\/2016\/01\/08\/nota\/5332147\/air-europa-planea-conectar-guayaquil-madrid-este-ano<\/a><\/p>\n","protected":false},"excerpt":{"rendered":"<p>&nbsp; Guayaquil &#8211; Madrid ser\u00eda la nueva ruta que planea la compa\u00f1\u00eda a\u00e9rea Air Europa, de acuerdo a sus planes de crecimiento que tambi\u00e9n contemplan otras rutas en la regi\u00f3n, como Bogot\u00e1 \u0093 Madrid. Esta nueva ruta directa entre el Guayaquil y Madrid se concretar\u00eda en diciembre de 2016, seg\u00fan informa el sitio web espa\u00f1ol Expreso. Esta ser\u00eda la tercera aerol\u00ednea que ofrece la conexi\u00f3n entre ambas ciudades, ya que Iberia y Lan (Latam) tambi\u00e9n cubren la ruta. &nbsp; Con la incorporaci\u00f3n de los vuelos a Bogot\u00e1 y Guayaquil, Air Europa conectar\u00e1 sin escalas Madrid con Caracas (Venezuela), Lima (Per\u00fa), Santa Cruz (Bolivia), Salvador de Bah\u00eda y Sao Paulo (Brasil), Montevideo (Uruguay), Asunci\u00f3n (Paraguay), y Buenos Aires (Argentina). (I) &nbsp; Fuente: http:\/\/www.eluniverso.com\/noticias\/2016\/01\/08\/nota\/5332147\/air-europa-planea-conectar-guayaquil-madrid-este-ano<\/p>\n","protected":false},"author":1,"featured_media":237021,"comment_status":"open","ping_status":"open","sticky":false,"template":"","format":"standard","meta":[],"categories":[36,35],"tags":[],"_links":{"self":[{"href":"https:\/\/www.ecuadortimes.net\/es\/wp-json\/wp\/v2\/posts\/237020"}],"collection":[{"href":"https:\/\/www.ecuadortimes.net\/es\/wp-json\/wp\/v2\/posts"}],"about":[{"href":"https:\/\/www.ecuadortimes.net\/es\/wp-json\/wp\/v2\/types\/post"}],"author":[{"embeddable":true,"href":"https:\/\/www.ecuadortimes.net\/es\/wp-json\/wp\/v2\/users\/1"}],"replies":[{"embeddable":true,"href":"https:\/\/www.ecuadortimes.net\/es\/wp-json\/wp\/v2\/comments?post=237020"}],"version-history":[{"count":0,"href":"https:\/\/www.ecuadortimes.net\/es\/wp-json\/wp\/v2\/posts\/237020\/revisions"}],"wp:featuredmedia":[{"embeddable":true,"href":"https:\/\/www.ecuadortimes.net\/es\/wp-json\/wp\/v2\/media\/237021"}],"wp:attachment":[{"href":"https:\/\/www.ecuadortimes.net\/es\/wp-json\/wp\/v2\/media?parent=237020"}],"wp:term":[{"taxonomy":"category","embeddable":true,"href":"https:\/\/www.ecuadortimes.net\/es\/wp-json\/wp\/v2\/categories?post=237020"},{"taxonomy":"post_tag","embeddable":true,"href":"https:\/\/www.ecuadortimes.net\/es\/wp-json\/wp\/v2\/tags?post=237020"}],"curies":[{"name":"wp","href":"https:\/\/api.w.org\/{rel}","templated":true}]}}