{"id":237024,"date":"2016-01-09T00:00:00","date_gmt":"2016-01-09T00:00:00","guid":{"rendered":"https:\/\/www.ecuadortimes.net\/es\/el-sector-inmobiliario-busca-salidas-a-la-contraccion\/"},"modified":"2016-01-09T00:00:00","modified_gmt":"2016-01-09T00:00:00","slug":"el-sector-inmobiliario-busca-salidas-a-la-contraccion","status":"publish","type":"post","link":"https:\/\/www.ecuadortimes.net\/es\/el-sector-inmobiliario-busca-salidas-a-la-contraccion\/","title":{"rendered":"El sector inmobiliario busca salidas a la contracci\u00f3n"},"content":{"rendered":"<p>&nbsp;<\/p>\n<div id=\"attachment_171966\" style=\"width: 310px\" class=\"wp-caption alignright\"><img aria-describedby=\"caption-attachment-171966\" loading=\"lazy\" class=\"size-medium wp-image-171966\" src=\"https:\/\/www.ecuadortimes.net\/es\/wp-content\/uploads\/2016\/01\/Captura-de-pantalla-2016-01-09-a-las-12.20.50-p.m.-300x193.png\" alt=\"imagen: Expreso\" width=\"300\" height=\"193\" \/><p id=\"caption-attachment-171966\" class=\"wp-caption-text\">imagen: Expreso<\/p><\/div>\n<p style=\"text-align: justify;\">La b\u00fasqueda de socios estrat\u00e9gicos para seguir en el negocio inmobiliario y sacar adelante los proyectos urban\u00edsticos es una medida que toman cada vez con m\u00e1s frecuencia las empresas del sector ante la contracci\u00f3n de la econom\u00eda del pa\u00eds. Pero no es la \u00fanica.<\/p>\n<p style=\"text-align: justify;\">\n<p style=\"text-align: justify;\">En este nuevo a\u00f1o previsto como m\u00e1s dif\u00edcil que el 2015, hacer un trabajo publicitario y de ventas m\u00e1s prolijo tambi\u00e9n ser\u00e1 necesario para, por lo menos, no dejar caer m\u00e1s las ventas de viviendas, que el a\u00f1o pasado bajaron en un 35 % con relaci\u00f3n a 2014.<\/p>\n<p style=\"text-align: justify;\">\n<p style=\"text-align: justify;\">Consultores y agentes de bienes ra\u00edces, as\u00ed como promotores inmobiliarios consultados por diario Expreso coinciden en que el 2016 ser\u00e1 &#8220;m\u00e1s estancado&#8221;, pero a la vez dan unas cuantas recetas de qu\u00e9 hacer para enfrentar las dificultades econ\u00f3micas en este sector.<\/p>\n<p style=\"text-align: justify;\">\n<p style=\"text-align: justify;\">Joan Proa\u00f1o, arquitecto, gerente general de la constructora e inmobiliaria Proa\u00f1o\/Proa\u00f1o, cuenta que para afrontar los problemas en los flujos de caja, esta empresa ha acordado con sus contratistas el pagarles con bienes inmuebles a construirse este a\u00f1o en proyectos como Foresta, en un exclusivo sector de Quito. El condominio tendr\u00e1 160 departamentos y 30 locales y oficinas. (I)<\/p>\n<p>&nbsp;<\/p>\n<p>Fuente: <a href=\"http:\/\/expreso.ec\/expreso\/plantillas\/nota.aspx?idart=8803284&amp;idcat=38269&amp;tipo=2\">http:\/\/expreso.ec\/expreso\/plantillas\/nota.aspx?idart=8803284&amp;idcat=38269&amp;tipo=2<\/a><\/p>\n<p>&nbsp;<\/p>\n","protected":false},"excerpt":{"rendered":"<p>&nbsp; La b\u00fasqueda de socios estrat\u00e9gicos para seguir en el negocio inmobiliario y sacar adelante los proyectos urban\u00edsticos es una medida que toman cada vez con m\u00e1s frecuencia las empresas del sector ante la contracci\u00f3n de la econom\u00eda del pa\u00eds. Pero no es la \u00fanica. En este nuevo a\u00f1o previsto como m\u00e1s dif\u00edcil que el 2015, hacer un trabajo publicitario y de ventas m\u00e1s prolijo tambi\u00e9n ser\u00e1 necesario para, por lo menos, no dejar caer m\u00e1s las ventas de viviendas, que el a\u00f1o pasado bajaron en un 35 % con relaci\u00f3n a 2014. Consultores y agentes de bienes ra\u00edces, as\u00ed como promotores inmobiliarios consultados por diario Expreso coinciden en que el 2016 ser\u00e1 &#8220;m\u00e1s estancado&#8221;, pero a la vez dan unas cuantas recetas de qu\u00e9 hacer para enfrentar las dificultades econ\u00f3micas en este sector. Joan Proa\u00f1o, arquitecto, gerente general de la constructora e inmobiliaria Proa\u00f1o\/Proa\u00f1o, cuenta que para afrontar los problemas en los flujos de caja, esta empresa ha acordado con sus contratistas el pagarles con bienes inmuebles a construirse este a\u00f1o en proyectos como Foresta, en un exclusivo sector de Quito. El condominio tendr\u00e1 160 departamentos y 30 locales y oficinas. (I) &nbsp; Fuente: http:\/\/expreso.ec\/expreso\/plantillas\/nota.aspx?idart=8803284&amp;idcat=38269&amp;tipo=2 &nbsp;<\/p>\n","protected":false},"author":1,"featured_media":0,"comment_status":"open","ping_status":"open","sticky":false,"template":"","format":"standard","meta":[],"categories":[40],"tags":[],"_links":{"self":[{"href":"https:\/\/www.ecuadortimes.net\/es\/wp-json\/wp\/v2\/posts\/237024"}],"collection":[{"href":"https:\/\/www.ecuadortimes.net\/es\/wp-json\/wp\/v2\/posts"}],"about":[{"href":"https:\/\/www.ecuadortimes.net\/es\/wp-json\/wp\/v2\/types\/post"}],"author":[{"embeddable":true,"href":"https:\/\/www.ecuadortimes.net\/es\/wp-json\/wp\/v2\/users\/1"}],"replies":[{"embeddable":true,"href":"https:\/\/www.ecuadortimes.net\/es\/wp-json\/wp\/v2\/comments?post=237024"}],"version-history":[{"count":0,"href":"https:\/\/www.ecuadortimes.net\/es\/wp-json\/wp\/v2\/posts\/237024\/revisions"}],"wp:attachment":[{"href":"https:\/\/www.ecuadortimes.net\/es\/wp-json\/wp\/v2\/media?parent=237024"}],"wp:term":[{"taxonomy":"category","embeddable":true,"href":"https:\/\/www.ecuadortimes.net\/es\/wp-json\/wp\/v2\/categories?post=237024"},{"taxonomy":"post_tag","embeddable":true,"href":"https:\/\/www.ecuadortimes.net\/es\/wp-json\/wp\/v2\/tags?post=237024"}],"curies":[{"name":"wp","href":"https:\/\/api.w.org\/{rel}","templated":true}]}}