{"id":237027,"date":"2016-01-10T00:00:00","date_gmt":"2016-01-10T00:00:00","guid":{"rendered":"https:\/\/www.ecuadortimes.net\/es\/980-millones-pagara-ecuador-por-indemnizacion-a-oxy\/"},"modified":"2016-01-10T00:00:00","modified_gmt":"2016-01-10T00:00:00","slug":"980-millones-pagara-ecuador-por-indemnizacion-a-oxy","status":"publish","type":"post","link":"https:\/\/www.ecuadortimes.net\/es\/980-millones-pagara-ecuador-por-indemnizacion-a-oxy\/","title":{"rendered":"$980 millones pagar\u00e1 Ecuador por indemnizaci\u00f3n a Oxy"},"content":{"rendered":"<p>&nbsp;<\/p>\n<div id=\"attachment_171978\" style=\"width: 310px\" class=\"wp-caption aligncenter\"><img aria-describedby=\"caption-attachment-171978\" loading=\"lazy\" class=\"size-medium wp-image-171978\" src=\"https:\/\/www.ecuadortimes.net\/es\/wp-content\/uploads\/2016\/01\/ECUADOR-PAGARA-OXY-ECUADORTIMES-ECUADORNEWS-300x199.jpg\" alt=\"Imagen: El Universo\" width=\"300\" height=\"199\" \/><p id=\"caption-attachment-171978\" class=\"wp-caption-text\">Imagen: El Universo<\/p><\/div>\n<p style=\"text-align: justify;\">Ecuador pagar\u00e1 980 millones de d\u00f3lares a la petrolera estadounidense <strong>Oxy<\/strong> hasta abril de este a\u00f1o, tras la condena que le impuso un tribunal de arbitraje del <strong>Banco Mundial<\/strong> por cancelar un contrato de extracci\u00f3n en 2006, inform\u00f3 este s\u00e1bado el <strong>presidente Rafael Correa<\/strong>.<\/p>\n<p style=\"text-align: justify;\">\n<p style=\"text-align: justify;\">&#8220;El laudo era 1.400 millones de d\u00f3lares. Vamos a pagar 980 millones, a grosso modo. El descuento es 420 millones&#8221;, dijo Correa durante el enlace ciudadano.<\/p>\n<p style=\"text-align: justify;\">\n<p style=\"text-align: justify;\">En noviembre pasado, la <strong>Procuradur\u00eda General de Ecuador<\/strong> hab\u00eda indicado en un comunicado que la condena establec\u00eda &#8220;un monto neto a pagar de USD 1.061.775.000&#8221;. El s\u00e1bado, Correa se\u00f1al\u00f3 que el laudo fue por 1.400 millones de d\u00f3lares, sin ofrecer detalles sobre el aumento en la cifra. (I)<\/p>\n<p>&nbsp;<\/p>\n<p>Fuente: <a href=\"http:\/\/www.eluniverso.com\/noticias\/2016\/01\/09\/nota\/5333971\/ecuador-pagara-980-millones-oxy-indemnizacion\">http:\/\/www.eluniverso.com\/noticias\/2016\/01\/09\/nota\/5333971\/ecuador-pagara-980-millones-oxy-indemnizacion<\/a><\/p>\n","protected":false},"excerpt":{"rendered":"<p>&nbsp; Ecuador pagar\u00e1 980 millones de d\u00f3lares a la petrolera estadounidense Oxy hasta abril de este a\u00f1o, tras la condena que le impuso un tribunal de arbitraje del Banco Mundial por cancelar un contrato de extracci\u00f3n en 2006, inform\u00f3 este s\u00e1bado el presidente Rafael Correa. &#8220;El laudo era 1.400 millones de d\u00f3lares. Vamos a pagar 980 millones, a grosso modo. El descuento es 420 millones&#8221;, dijo Correa durante el enlace ciudadano. En noviembre pasado, la Procuradur\u00eda General de Ecuador hab\u00eda indicado en un comunicado que la condena establec\u00eda &#8220;un monto neto a pagar de USD 1.061.775.000&#8221;. El s\u00e1bado, Correa se\u00f1al\u00f3 que el laudo fue por 1.400 millones de d\u00f3lares, sin ofrecer detalles sobre el aumento en la cifra. (I) &nbsp; Fuente: http:\/\/www.eluniverso.com\/noticias\/2016\/01\/09\/nota\/5333971\/ecuador-pagara-980-millones-oxy-indemnizacion<\/p>\n","protected":false},"author":1,"featured_media":237028,"comment_status":"open","ping_status":"open","sticky":false,"template":"","format":"standard","meta":[],"categories":[54,41],"tags":[],"_links":{"self":[{"href":"https:\/\/www.ecuadortimes.net\/es\/wp-json\/wp\/v2\/posts\/237027"}],"collection":[{"href":"https:\/\/www.ecuadortimes.net\/es\/wp-json\/wp\/v2\/posts"}],"about":[{"href":"https:\/\/www.ecuadortimes.net\/es\/wp-json\/wp\/v2\/types\/post"}],"author":[{"embeddable":true,"href":"https:\/\/www.ecuadortimes.net\/es\/wp-json\/wp\/v2\/users\/1"}],"replies":[{"embeddable":true,"href":"https:\/\/www.ecuadortimes.net\/es\/wp-json\/wp\/v2\/comments?post=237027"}],"version-history":[{"count":0,"href":"https:\/\/www.ecuadortimes.net\/es\/wp-json\/wp\/v2\/posts\/237027\/revisions"}],"wp:featuredmedia":[{"embeddable":true,"href":"https:\/\/www.ecuadortimes.net\/es\/wp-json\/wp\/v2\/media\/237028"}],"wp:attachment":[{"href":"https:\/\/www.ecuadortimes.net\/es\/wp-json\/wp\/v2\/media?parent=237027"}],"wp:term":[{"taxonomy":"category","embeddable":true,"href":"https:\/\/www.ecuadortimes.net\/es\/wp-json\/wp\/v2\/categories?post=237027"},{"taxonomy":"post_tag","embeddable":true,"href":"https:\/\/www.ecuadortimes.net\/es\/wp-json\/wp\/v2\/tags?post=237027"}],"curies":[{"name":"wp","href":"https:\/\/api.w.org\/{rel}","templated":true}]}}