{"id":237029,"date":"2016-01-10T00:00:00","date_gmt":"2016-01-10T00:00:00","guid":{"rendered":"https:\/\/www.ecuadortimes.net\/es\/doce-viajes-de-asambleistas-fueron-en-giras-presidenciales\/"},"modified":"2016-01-10T00:00:00","modified_gmt":"2016-01-10T00:00:00","slug":"doce-viajes-de-asambleistas-fueron-en-giras-presidenciales","status":"publish","type":"post","link":"https:\/\/www.ecuadortimes.net\/es\/doce-viajes-de-asambleistas-fueron-en-giras-presidenciales\/","title":{"rendered":"Doce viajes de asamble\u00edstas fueron en giras presidenciales"},"content":{"rendered":"<p>&nbsp;<\/p>\n<div id=\"attachment_171977\" style=\"width: 310px\" class=\"wp-caption aligncenter\"><img aria-describedby=\"caption-attachment-171977\" loading=\"lazy\" class=\"size-medium wp-image-171977\" src=\"https:\/\/www.ecuadortimes.net\/es\/wp-content\/uploads\/2016\/01\/doceviajes-ecuadortimes-ecuadornews-300x198.jpg\" alt=\"Imagen: El Universo\" width=\"300\" height=\"198\" \/><p id=\"caption-attachment-171977\" class=\"wp-caption-text\">Imagen: El Universo<\/p><\/div>\n<p style=\"text-align: justify;\">Doce viajes al exterior de los asamble\u00edstas de <strong>Alianza PAIS (AP)<\/strong> fueron para acompa\u00f1ar al presidente Rafael Correa en giras oficiales, que representaron vi\u00e1ticos por $ 27.887,50.<\/p>\n<p style=\"text-align: justify;\">\n<p style=\"text-align: justify;\">El m\u00e1s lejano y costoso fue para la visita de Correa a China, del 2 al 11 de enero de 2015. Viajaron cuatro legisladores: Lautaro S\u00e1enz, Marcia Arregui, Fabi\u00e1n Solano y Betty Carrillo, con $ 3.420 cada uno.<\/p>\n<p style=\"text-align: justify;\">\n<p style=\"text-align: justify;\">El asamble\u00edsta Ricardo Moncayo (CREO) se\u00f1al\u00f3 que la Asamblea ha sido utilizada\u009d para que acompa\u00f1e al presidente de la Rep\u00fablica y a diferentes autoridades del Estado a viajes internacionales que no han nacido de actividades espec\u00edficas de la Legislatura\u009d.<\/p>\n<p style=\"text-align: justify;\">\n<p style=\"text-align: justify;\">Seg\u00fan el art\u00edculo 12, numeral 18, de la Ley Org\u00e1nica de la Funci\u00f3n Legislativa, es atribuci\u00f3n y funci\u00f3n de la Presidenta asumir la representaci\u00f3n de la Asamblea ante organismos internacionales de los que forma parte y designar a los asamble\u00edstas que deban representarla en estos. (I)<\/p>\n<p>&nbsp;<\/p>\n<p>Fuente: <a href=\"http:\/\/www.eluniverso.com\/noticias\/2016\/01\/10\/nota\/5334547\/doce-viajes-acompanar-correa-giras\">http:\/\/www.eluniverso.com\/noticias\/2016\/01\/10\/nota\/5334547\/doce-viajes-acompanar-correa-giras<\/a><\/p>\n","protected":false},"excerpt":{"rendered":"<p>&nbsp; Doce viajes al exterior de los asamble\u00edstas de Alianza PAIS (AP) fueron para acompa\u00f1ar al presidente Rafael Correa en giras oficiales, que representaron vi\u00e1ticos por $ 27.887,50. El m\u00e1s lejano y costoso fue para la visita de Correa a China, del 2 al 11 de enero de 2015. Viajaron cuatro legisladores: Lautaro S\u00e1enz, Marcia Arregui, Fabi\u00e1n Solano y Betty Carrillo, con $ 3.420 cada uno. El asamble\u00edsta Ricardo Moncayo (CREO) se\u00f1al\u00f3 que la Asamblea ha sido utilizada\u009d para que acompa\u00f1e al presidente de la Rep\u00fablica y a diferentes autoridades del Estado a viajes internacionales que no han nacido de actividades espec\u00edficas de la Legislatura\u009d. Seg\u00fan el art\u00edculo 12, numeral 18, de la Ley Org\u00e1nica de la Funci\u00f3n Legislativa, es atribuci\u00f3n y funci\u00f3n de la Presidenta asumir la representaci\u00f3n de la Asamblea ante organismos internacionales de los que forma parte y designar a los asamble\u00edstas que deban representarla en estos. (I) &nbsp; Fuente: http:\/\/www.eluniverso.com\/noticias\/2016\/01\/10\/nota\/5334547\/doce-viajes-acompanar-correa-giras<\/p>\n","protected":false},"author":1,"featured_media":237030,"comment_status":"open","ping_status":"open","sticky":false,"template":"","format":"standard","meta":[],"categories":[54,40],"tags":[],"_links":{"self":[{"href":"https:\/\/www.ecuadortimes.net\/es\/wp-json\/wp\/v2\/posts\/237029"}],"collection":[{"href":"https:\/\/www.ecuadortimes.net\/es\/wp-json\/wp\/v2\/posts"}],"about":[{"href":"https:\/\/www.ecuadortimes.net\/es\/wp-json\/wp\/v2\/types\/post"}],"author":[{"embeddable":true,"href":"https:\/\/www.ecuadortimes.net\/es\/wp-json\/wp\/v2\/users\/1"}],"replies":[{"embeddable":true,"href":"https:\/\/www.ecuadortimes.net\/es\/wp-json\/wp\/v2\/comments?post=237029"}],"version-history":[{"count":0,"href":"https:\/\/www.ecuadortimes.net\/es\/wp-json\/wp\/v2\/posts\/237029\/revisions"}],"wp:featuredmedia":[{"embeddable":true,"href":"https:\/\/www.ecuadortimes.net\/es\/wp-json\/wp\/v2\/media\/237030"}],"wp:attachment":[{"href":"https:\/\/www.ecuadortimes.net\/es\/wp-json\/wp\/v2\/media?parent=237029"}],"wp:term":[{"taxonomy":"category","embeddable":true,"href":"https:\/\/www.ecuadortimes.net\/es\/wp-json\/wp\/v2\/categories?post=237029"},{"taxonomy":"post_tag","embeddable":true,"href":"https:\/\/www.ecuadortimes.net\/es\/wp-json\/wp\/v2\/tags?post=237029"}],"curies":[{"name":"wp","href":"https:\/\/api.w.org\/{rel}","templated":true}]}}