{"id":237033,"date":"2016-01-10T00:00:00","date_gmt":"2016-01-10T00:00:00","guid":{"rendered":"https:\/\/www.ecuadortimes.net\/es\/segun-el-secretario-nacional-de-comunicacion-la-secom-siempre-esta-abierta-a-dar-informacion\/"},"modified":"2016-01-10T00:00:00","modified_gmt":"2016-01-10T00:00:00","slug":"segun-el-secretario-nacional-de-comunicacion-la-secom-siempre-esta-abierta-a-dar-informacion","status":"publish","type":"post","link":"https:\/\/www.ecuadortimes.net\/es\/segun-el-secretario-nacional-de-comunicacion-la-secom-siempre-esta-abierta-a-dar-informacion\/","title":{"rendered":"Seg\u00fan el Secretario Nacional de Comunicaci\u00f3n, la SECOM siempre est\u00e1 abierta a dar informaci\u00f3n."},"content":{"rendered":"<p>&nbsp;<\/p>\n<div id=\"attachment_171992\" style=\"width: 310px\" class=\"wp-caption alignright\"><img aria-describedby=\"caption-attachment-171992\" loading=\"lazy\" class=\"size-medium wp-image-171992\" src=\"https:\/\/www.ecuadortimes.net\/es\/wp-content\/uploads\/2016\/01\/Captura-de-pantalla-2016-01-10-a-las-10.10.10-a.m.-300x168.png\" alt=\"Image: El Comercio\" width=\"300\" height=\"168\" \/><p id=\"caption-attachment-171992\" class=\"wp-caption-text\">Image: El Comercio<\/p><\/div>\n<p style=\"text-align: justify;\"><strong>Patricio Barriga, Secretario Nacional de Comunicaci\u00f3n,<\/strong> en entrevista para diario El Comercio, asegura que en la construcci\u00f3n de una noticia, sobre todo desde los medios privados, hay una negativa por detr\u00e1s. Niega que los medios p\u00fablicos sean gubernamentales y afirma que la cr\u00edtica argumentada es bien recibida.<\/p>\n<p style=\"text-align: justify;\">Manifiesta que una de las mayores amenazas de libertad ha sido el influjo de los anunciantes en los distintos contenidos que propone el medio y una de las mayores amenazas han sido los poderes f\u00e1cticos\u009d.<\/p>\n<p style=\"text-align: justify;\">Explica que unos de los mayores logros es la nueva constituci\u00f3n, pero tambi\u00e9n una legislaci\u00f3n como la de Comunicaci\u00f3n que comienza a considerar un cambio en la relaci\u00f3n de poder y de propiedad de esos medios y en la que se permite por fin una mayor participaci\u00f3n ciudadana&#8221;.<\/p>\n<p style=\"text-align: justify;\">Asegura que la informaci\u00f3n de la <strong>SECOM<\/strong> y<\/p>\n<p style=\"text-align: justify;\">\u00a0siempre ha estado disponible y no ha requerido de una resoluci\u00f3n de un juez.<\/p>\n<p style=\"text-align: justify;\">Por \u00faltimo, dijo que aun hay mucho por hacer en la SECOM y para eso efectivamente hay que poner todo el empe\u00f1o y el esfuerzo profesional y personal de mejorar los canales de informaci\u00f3n.\u009d (I)<\/p>\n<p style=\"text-align: justify;\">Fuente: <a href=\"http:\/\/www.elcomercio.com\/actualidad\/informacion-siempre-disponible-secom.html\">http:\/\/www.elcomercio.com\/actualidad\/informacion-siempre-disponible-secom.html<\/a><\/p>\n","protected":false},"excerpt":{"rendered":"<p>&nbsp; Patricio Barriga, Secretario Nacional de Comunicaci\u00f3n, en entrevista para diario El Comercio, asegura que en la construcci\u00f3n de una noticia, sobre todo desde los medios privados, hay una negativa por detr\u00e1s. Niega que los medios p\u00fablicos sean gubernamentales y afirma que la cr\u00edtica argumentada es bien recibida. Manifiesta que una de las mayores amenazas de libertad ha sido el influjo de los anunciantes en los distintos contenidos que propone el medio y una de las mayores amenazas han sido los poderes f\u00e1cticos\u009d. Explica que unos de los mayores logros es la nueva constituci\u00f3n, pero tambi\u00e9n una legislaci\u00f3n como la de Comunicaci\u00f3n que comienza a considerar un cambio en la relaci\u00f3n de poder y de propiedad de esos medios y en la que se permite por fin una mayor participaci\u00f3n ciudadana&#8221;. Asegura que la informaci\u00f3n de la SECOM y \u00a0siempre ha estado disponible y no ha requerido de una resoluci\u00f3n de un juez. Por \u00faltimo, dijo que aun hay mucho por hacer en la SECOM y para eso efectivamente hay que poner todo el empe\u00f1o y el esfuerzo profesional y personal de mejorar los canales de informaci\u00f3n.\u009d (I) Fuente: http:\/\/www.elcomercio.com\/actualidad\/informacion-siempre-disponible-secom.html<\/p>\n","protected":false},"author":1,"featured_media":0,"comment_status":"open","ping_status":"open","sticky":false,"template":"","format":"standard","meta":[],"categories":[40,46],"tags":[],"_links":{"self":[{"href":"https:\/\/www.ecuadortimes.net\/es\/wp-json\/wp\/v2\/posts\/237033"}],"collection":[{"href":"https:\/\/www.ecuadortimes.net\/es\/wp-json\/wp\/v2\/posts"}],"about":[{"href":"https:\/\/www.ecuadortimes.net\/es\/wp-json\/wp\/v2\/types\/post"}],"author":[{"embeddable":true,"href":"https:\/\/www.ecuadortimes.net\/es\/wp-json\/wp\/v2\/users\/1"}],"replies":[{"embeddable":true,"href":"https:\/\/www.ecuadortimes.net\/es\/wp-json\/wp\/v2\/comments?post=237033"}],"version-history":[{"count":0,"href":"https:\/\/www.ecuadortimes.net\/es\/wp-json\/wp\/v2\/posts\/237033\/revisions"}],"wp:attachment":[{"href":"https:\/\/www.ecuadortimes.net\/es\/wp-json\/wp\/v2\/media?parent=237033"}],"wp:term":[{"taxonomy":"category","embeddable":true,"href":"https:\/\/www.ecuadortimes.net\/es\/wp-json\/wp\/v2\/categories?post=237033"},{"taxonomy":"post_tag","embeddable":true,"href":"https:\/\/www.ecuadortimes.net\/es\/wp-json\/wp\/v2\/tags?post=237033"}],"curies":[{"name":"wp","href":"https:\/\/api.w.org\/{rel}","templated":true}]}}