{"id":237048,"date":"2016-01-11T00:00:00","date_gmt":"2016-01-11T00:00:00","guid":{"rendered":"https:\/\/www.ecuadortimes.net\/es\/las-politicas-domesticas-tienen-mucho-que-ver-con-el-nivel-de-competitividad-del-pais-segun-gabriela-calderon\/"},"modified":"2016-01-11T00:00:00","modified_gmt":"2016-01-11T00:00:00","slug":"las-politicas-domesticas-tienen-mucho-que-ver-con-el-nivel-de-competitividad-del-pais-segun-gabriela-calderon","status":"publish","type":"post","link":"https:\/\/www.ecuadortimes.net\/es\/las-politicas-domesticas-tienen-mucho-que-ver-con-el-nivel-de-competitividad-del-pais-segun-gabriela-calderon\/","title":{"rendered":"Las pol\u00edticas dom\u00e9sticas tienen mucho que ver con el nivel de competitividad del pa\u00eds, seg\u00fan Gabriela Calder\u00f3n"},"content":{"rendered":"<p><iframe loading=\"lazy\" src=\"https:\/\/www.youtube.com\/embed\/fB6b-qkVL24\" width=\"420\" height=\"315\" frameborder=\"0\" allowfullscreen=\"allowfullscreen\"><\/iframe><\/p>\n<p style=\"text-align: justify;\">Gabriela Calder\u00f3n, columnista de diario El Universo, al comentar sobre la dolarizaci\u00f3n en una entrevista para <strong>Ecuavisa<\/strong>, dijo que el pa\u00eds ha venido perdiendo competitividad desde el 2010, mucho antes de que empiece la apreciaci\u00f3n del d\u00f3lar en el 2014, entonces la calentura no est\u00e1 en la pol\u00edtica monetaria de la <strong>Reserva Federal de los EEUU<\/strong> sino en otros elementos de la pol\u00edtica econ\u00f3mica del gobierno ecuatoriano que se han venido acentuando desde el 2010.<\/p>\n<p style=\"text-align: justify;\">Seg\u00fan la analista, medidas como el impuesto a la salida de divisas y el sinn\u00famero de medidas restrictivas al comercio que no solo incluye a las salvaguardias que vendr\u00eda a ser la &#8216;cereza&#8217; encima del pastel, hacen que se incremente el costo de hacer negocios en el pa\u00eds.<\/p>\n<p style=\"text-align: justify;\">Refiri\u00f3 que las devaluaciones, hoy en d\u00eda, no son lo m\u00e1s importante para determinar la competitividad, m\u00e1s se puede hacer -dijo- por el lado de las pol\u00edticas internas. (I)<\/p>\n","protected":false},"excerpt":{"rendered":"<p>Gabriela Calder\u00f3n, columnista de diario El Universo, al comentar sobre la dolarizaci\u00f3n en una entrevista para Ecuavisa, dijo que el pa\u00eds ha venido perdiendo competitividad desde el 2010, mucho antes de que empiece la apreciaci\u00f3n del d\u00f3lar en el 2014, entonces la calentura no est\u00e1 en la pol\u00edtica monetaria de la Reserva Federal de los EEUU sino en otros elementos de la pol\u00edtica econ\u00f3mica del gobierno ecuatoriano que se han venido acentuando desde el 2010. Seg\u00fan la analista, medidas como el impuesto a la salida de divisas y el sinn\u00famero de medidas restrictivas al comercio que no solo incluye a las salvaguardias que vendr\u00eda a ser la &#8216;cereza&#8217; encima del pastel, hacen que se incremente el costo de hacer negocios en el pa\u00eds. Refiri\u00f3 que las devaluaciones, hoy en d\u00eda, no son lo m\u00e1s importante para determinar la competitividad, m\u00e1s se puede hacer -dijo- por el lado de las pol\u00edticas internas. (I)<\/p>\n","protected":false},"author":1,"featured_media":0,"comment_status":"open","ping_status":"open","sticky":false,"template":"","format":"standard","meta":[],"categories":[54,40],"tags":[],"_links":{"self":[{"href":"https:\/\/www.ecuadortimes.net\/es\/wp-json\/wp\/v2\/posts\/237048"}],"collection":[{"href":"https:\/\/www.ecuadortimes.net\/es\/wp-json\/wp\/v2\/posts"}],"about":[{"href":"https:\/\/www.ecuadortimes.net\/es\/wp-json\/wp\/v2\/types\/post"}],"author":[{"embeddable":true,"href":"https:\/\/www.ecuadortimes.net\/es\/wp-json\/wp\/v2\/users\/1"}],"replies":[{"embeddable":true,"href":"https:\/\/www.ecuadortimes.net\/es\/wp-json\/wp\/v2\/comments?post=237048"}],"version-history":[{"count":0,"href":"https:\/\/www.ecuadortimes.net\/es\/wp-json\/wp\/v2\/posts\/237048\/revisions"}],"wp:attachment":[{"href":"https:\/\/www.ecuadortimes.net\/es\/wp-json\/wp\/v2\/media?parent=237048"}],"wp:term":[{"taxonomy":"category","embeddable":true,"href":"https:\/\/www.ecuadortimes.net\/es\/wp-json\/wp\/v2\/categories?post=237048"},{"taxonomy":"post_tag","embeddable":true,"href":"https:\/\/www.ecuadortimes.net\/es\/wp-json\/wp\/v2\/tags?post=237048"}],"curies":[{"name":"wp","href":"https:\/\/api.w.org\/{rel}","templated":true}]}}