{"id":237055,"date":"2016-01-11T00:00:00","date_gmt":"2016-01-11T00:00:00","guid":{"rendered":"https:\/\/www.ecuadortimes.net\/es\/herbalife-reemplazara-importacion-produciendo-localmente\/"},"modified":"2016-01-11T00:00:00","modified_gmt":"2016-01-11T00:00:00","slug":"herbalife-reemplazara-importacion-produciendo-localmente","status":"publish","type":"post","link":"https:\/\/www.ecuadortimes.net\/es\/herbalife-reemplazara-importacion-produciendo-localmente\/","title":{"rendered":"Herbalife reemplazar\u00e1 importaci\u00f3n produciendo localmente"},"content":{"rendered":"<p>&nbsp;<\/p>\n<div id=\"attachment_172055\" style=\"width: 293px\" class=\"wp-caption alignright\"><img aria-describedby=\"caption-attachment-172055\" loading=\"lazy\" class=\"size-medium wp-image-172055\" src=\"https:\/\/www.ecuadortimes.net\/es\/wp-content\/uploads\/2016\/01\/Captura-de-pantalla-2016-01-11-a-las-1.30.40-p.m.-283x300.png\" alt=\"Imagen: Expreso\" width=\"283\" height=\"300\" \/><p id=\"caption-attachment-172055\" class=\"wp-caption-text\">Imagen: Expreso<\/p><\/div>\n<p style=\"text-align: justify;\">A finales del 2014, la empresa guayaquile\u00f1a <strong>Sumesa<\/strong> y <strong>Herbalife<\/strong> firmaron una alianza para a sacar un primer lote de productos durante el primer trimestre de este a\u00f1o.<\/p>\n<p style=\"text-align: justify;\">\n<p style=\"text-align: justify;\">Sumesa inici\u00f3 el proceso de producci\u00f3n nacional del <strong>Herbal Aloe Concentrado<\/strong>, uno de los productos estrella de la compa\u00f1\u00eda. El proyecto representa una inversi\u00f3n de $ 200.000 d\u00f3lares para llegar a la fabricaci\u00f3n del concentrado, que se pondr\u00e1 en el mercado a trav\u00e9s de los asociados independientes de Herbalife, anunci\u00f3 esta compa\u00f1\u00eda a Diario Expreso.<\/p>\n<p style=\"text-align: justify;\"><strong>\u00a0<\/strong><\/p>\n<p style=\"text-align: justify;\">&#8220;El 80 % del componente de este producto ser\u00e1 producido nacionalmente y solo se importar\u00e1 el extracto. Herbalife import\u00f3 2,7 millones en bebida de aloe, y con el proyecto aspira a sustituir el 80 % de esta cifra&#8221;, report\u00f3.<\/p>\n<p style=\"text-align: justify;\">\n<p style=\"text-align: justify;\">El consumo mensual promedio de este producto es de 25.000 unidades, por lo que la producci\u00f3n abarcar\u00eda ese monto. El tiempo de producci\u00f3n local es indefinido, &#8220;pues hemos visto una alternativa positiva al maquilar localmente nuestros productos para aportar con el desarrollo local y recompensar la balanza comercial&#8221;. (I)<\/p>\n<p>&nbsp;<\/p>\n<p>Fuente: <a href=\"http:\/\/expreso.ec\/expreso\/plantillas\/nota.aspx?idart=8806198&amp;idcat=38229&amp;tipo=2\">http:\/\/expreso.ec\/expreso\/plantillas\/nota.aspx?idart=8806198&amp;idcat=38229&amp;tipo=2<\/a><\/p>\n<p><strong>\u00a0<\/strong><\/p>\n","protected":false},"excerpt":{"rendered":"<p>&nbsp; A finales del 2014, la empresa guayaquile\u00f1a Sumesa y Herbalife firmaron una alianza para a sacar un primer lote de productos durante el primer trimestre de este a\u00f1o. Sumesa inici\u00f3 el proceso de producci\u00f3n nacional del Herbal Aloe Concentrado, uno de los productos estrella de la compa\u00f1\u00eda. El proyecto representa una inversi\u00f3n de $ 200.000 d\u00f3lares para llegar a la fabricaci\u00f3n del concentrado, que se pondr\u00e1 en el mercado a trav\u00e9s de los asociados independientes de Herbalife, anunci\u00f3 esta compa\u00f1\u00eda a Diario Expreso. \u00a0 &#8220;El 80 % del componente de este producto ser\u00e1 producido nacionalmente y solo se importar\u00e1 el extracto. Herbalife import\u00f3 2,7 millones en bebida de aloe, y con el proyecto aspira a sustituir el 80 % de esta cifra&#8221;, report\u00f3. El consumo mensual promedio de este producto es de 25.000 unidades, por lo que la producci\u00f3n abarcar\u00eda ese monto. El tiempo de producci\u00f3n local es indefinido, &#8220;pues hemos visto una alternativa positiva al maquilar localmente nuestros productos para aportar con el desarrollo local y recompensar la balanza comercial&#8221;. (I) &nbsp; Fuente: http:\/\/expreso.ec\/expreso\/plantillas\/nota.aspx?idart=8806198&amp;idcat=38229&amp;tipo=2 \u00a0<\/p>\n","protected":false},"author":1,"featured_media":0,"comment_status":"open","ping_status":"open","sticky":false,"template":"","format":"standard","meta":[],"categories":[43],"tags":[],"_links":{"self":[{"href":"https:\/\/www.ecuadortimes.net\/es\/wp-json\/wp\/v2\/posts\/237055"}],"collection":[{"href":"https:\/\/www.ecuadortimes.net\/es\/wp-json\/wp\/v2\/posts"}],"about":[{"href":"https:\/\/www.ecuadortimes.net\/es\/wp-json\/wp\/v2\/types\/post"}],"author":[{"embeddable":true,"href":"https:\/\/www.ecuadortimes.net\/es\/wp-json\/wp\/v2\/users\/1"}],"replies":[{"embeddable":true,"href":"https:\/\/www.ecuadortimes.net\/es\/wp-json\/wp\/v2\/comments?post=237055"}],"version-history":[{"count":0,"href":"https:\/\/www.ecuadortimes.net\/es\/wp-json\/wp\/v2\/posts\/237055\/revisions"}],"wp:attachment":[{"href":"https:\/\/www.ecuadortimes.net\/es\/wp-json\/wp\/v2\/media?parent=237055"}],"wp:term":[{"taxonomy":"category","embeddable":true,"href":"https:\/\/www.ecuadortimes.net\/es\/wp-json\/wp\/v2\/categories?post=237055"},{"taxonomy":"post_tag","embeddable":true,"href":"https:\/\/www.ecuadortimes.net\/es\/wp-json\/wp\/v2\/tags?post=237055"}],"curies":[{"name":"wp","href":"https:\/\/api.w.org\/{rel}","templated":true}]}}