{"id":237056,"date":"2016-01-11T00:00:00","date_gmt":"2016-01-11T00:00:00","guid":{"rendered":"https:\/\/www.ecuadortimes.net\/es\/ley-de-economia-popular-da-un-ano-de-plazo-a-municipios-para-legalizar-asentamientos\/"},"modified":"2016-01-11T00:00:00","modified_gmt":"2016-01-11T00:00:00","slug":"ley-de-economia-popular-da-un-ano-de-plazo-a-municipios-para-legalizar-asentamientos","status":"publish","type":"post","link":"https:\/\/www.ecuadortimes.net\/es\/ley-de-economia-popular-da-un-ano-de-plazo-a-municipios-para-legalizar-asentamientos\/","title":{"rendered":"Ley de Econom\u00eda Popular da un a\u00f1o de plazo a municipios para legalizar asentamientos"},"content":{"rendered":"<p><strong><img loading=\"lazy\" class=\"size-medium wp-image-172062 alignright\" src=\"https:\/\/www.ecuadortimes.net\/es\/wp-content\/uploads\/2016\/01\/Captura-de-pantalla-2016-01-11-a-las-3.22.16-p.m.-300x205.png\" alt=\"Captura de pantalla 2016-01-11 a las 3.22.16 p.m.\" width=\"300\" height=\"205\" \/><\/strong>La presidenta de la <strong>Asamblea Nacional, Gabriela Rivadeneira<\/strong>, convoc\u00f3 para ma\u00f1ana a sesi\u00f3n para tratar en primer debate el proyecto de Ley Org\u00e1nica Reformatoria a la Ley Org\u00e1nica de Econom\u00eda Popular y Solidaria.<\/p>\n<p style=\"text-align: justify;\">\n<p style=\"text-align: justify;\">La propuesta est\u00e1 contenida en 160 art\u00edculos, 11 disposiciones generales, 19 transitorias, cuatro reformatorias, una derogatoria y una final.<\/p>\n<p style=\"text-align: justify;\">\n<p style=\"text-align: justify;\">La nueva propuesta clarifica y unifica varias normas dispersas y determina cu\u00e1les son los actores que conforman la econom\u00eda popular y solidaria.<\/p>\n<p style=\"text-align: justify;\">\n<p style=\"text-align: justify;\">Los comisionados introdujeron una reforma al C\u00f3digo Org\u00e1nico de Organizaci\u00f3n Territorial, Autonom\u00eda y Descentralizaci\u00f3n (Cootad), para la legalizaci\u00f3n de las cooperativas de vivienda. (I)<\/p>\n<p>&nbsp;<\/p>\n<p>Fuente: <a href=\"http:\/\/expreso.ec\/expreso\/plantillas\/nota.aspx?idart=8806328&amp;idcat=38473&amp;tipo=2\">http:\/\/expreso.ec\/expreso\/plantillas\/nota.aspx?idart=8806328&amp;idcat=38473&amp;tipo=2<\/a><\/p>\n","protected":false},"excerpt":{"rendered":"<p>La presidenta de la Asamblea Nacional, Gabriela Rivadeneira, convoc\u00f3 para ma\u00f1ana a sesi\u00f3n para tratar en primer debate el proyecto de Ley Org\u00e1nica Reformatoria a la Ley Org\u00e1nica de Econom\u00eda Popular y Solidaria. La propuesta est\u00e1 contenida en 160 art\u00edculos, 11 disposiciones generales, 19 transitorias, cuatro reformatorias, una derogatoria y una final. La nueva propuesta clarifica y unifica varias normas dispersas y determina cu\u00e1les son los actores que conforman la econom\u00eda popular y solidaria. Los comisionados introdujeron una reforma al C\u00f3digo Org\u00e1nico de Organizaci\u00f3n Territorial, Autonom\u00eda y Descentralizaci\u00f3n (Cootad), para la legalizaci\u00f3n de las cooperativas de vivienda. (I) &nbsp; Fuente: http:\/\/expreso.ec\/expreso\/plantillas\/nota.aspx?idart=8806328&amp;idcat=38473&amp;tipo=2<\/p>\n","protected":false},"author":1,"featured_media":0,"comment_status":"open","ping_status":"open","sticky":false,"template":"","format":"standard","meta":[],"categories":[54,40],"tags":[],"_links":{"self":[{"href":"https:\/\/www.ecuadortimes.net\/es\/wp-json\/wp\/v2\/posts\/237056"}],"collection":[{"href":"https:\/\/www.ecuadortimes.net\/es\/wp-json\/wp\/v2\/posts"}],"about":[{"href":"https:\/\/www.ecuadortimes.net\/es\/wp-json\/wp\/v2\/types\/post"}],"author":[{"embeddable":true,"href":"https:\/\/www.ecuadortimes.net\/es\/wp-json\/wp\/v2\/users\/1"}],"replies":[{"embeddable":true,"href":"https:\/\/www.ecuadortimes.net\/es\/wp-json\/wp\/v2\/comments?post=237056"}],"version-history":[{"count":0,"href":"https:\/\/www.ecuadortimes.net\/es\/wp-json\/wp\/v2\/posts\/237056\/revisions"}],"wp:attachment":[{"href":"https:\/\/www.ecuadortimes.net\/es\/wp-json\/wp\/v2\/media?parent=237056"}],"wp:term":[{"taxonomy":"category","embeddable":true,"href":"https:\/\/www.ecuadortimes.net\/es\/wp-json\/wp\/v2\/categories?post=237056"},{"taxonomy":"post_tag","embeddable":true,"href":"https:\/\/www.ecuadortimes.net\/es\/wp-json\/wp\/v2\/tags?post=237056"}],"curies":[{"name":"wp","href":"https:\/\/api.w.org\/{rel}","templated":true}]}}