{"id":237058,"date":"2016-01-12T00:00:00","date_gmt":"2016-01-12T00:00:00","guid":{"rendered":"https:\/\/www.ecuadortimes.net\/es\/una-sobretasa-general-del-8-al-10-en-estudio\/"},"modified":"2016-01-12T00:00:00","modified_gmt":"2016-01-12T00:00:00","slug":"una-sobretasa-general-del-8-al-10-en-estudio","status":"publish","type":"post","link":"https:\/\/www.ecuadortimes.net\/es\/una-sobretasa-general-del-8-al-10-en-estudio\/","title":{"rendered":"Una sobretasa general del 8 al 10 %, en estudio"},"content":{"rendered":"<p>&nbsp;<\/p>\n<p style=\"text-align: justify;\">Con un<strong> d\u00e9ficit comercial<\/strong> de 4.400 millones entre enero y octubre en la balanza no petrolera -pese a ser menor al de a\u00f1os anteriores- y un precio del petr\u00f3leo que no para de romper r\u00e9cords a la baja, el Gobierno busca alternativas para reducir el impacto de importaciones y la salida de divisas.<\/p>\n<p style=\"text-align: justify;\">\n<p style=\"text-align: justify;\">Si el timbre cambiario, que comenz\u00f3 a tomar protagonismo a finales del a\u00f1o pasado y que sigue en boca del <strong>ministro de Comercio Exterior, Diego Aulestia<\/strong>, no convenc\u00eda al sector importador, tampoco gusta la alternativa de imponer una salvaguardia general entre el 8 y el 10 %, adicional a los aranceles.<\/p>\n<p>&nbsp;<\/p>\n<p style=\"text-align: justify;\">Los sectores productivos consultados lo ven como una restricci\u00f3n m\u00e1s al comercio que distorsiona el panorama seg\u00fan sus comentarios. No obstante, tambi\u00e9n reconocen que la rebaja del porcentaje frente a las <strong>salvaguardias vigentes<\/strong> desde el a\u00f1o pasado ser\u00eda un alivio. (I)<\/p>\n<p>&nbsp;<\/p>\n<p>Fuente: <a href=\"http:\/\/expreso.ec\/expreso\/plantillas\/nota.aspx?idart=8809032&amp;idcat=38269&amp;tipo=2\">http:\/\/expreso.ec\/expreso\/plantillas\/nota.aspx?idart=8809032&amp;idcat=38269&amp;tipo=2<\/a><\/p>\n","protected":false},"excerpt":{"rendered":"<p>&nbsp; Con un d\u00e9ficit comercial de 4.400 millones entre enero y octubre en la balanza no petrolera -pese a ser menor al de a\u00f1os anteriores- y un precio del petr\u00f3leo que no para de romper r\u00e9cords a la baja, el Gobierno busca alternativas para reducir el impacto de importaciones y la salida de divisas. Si el timbre cambiario, que comenz\u00f3 a tomar protagonismo a finales del a\u00f1o pasado y que sigue en boca del ministro de Comercio Exterior, Diego Aulestia, no convenc\u00eda al sector importador, tampoco gusta la alternativa de imponer una salvaguardia general entre el 8 y el 10 %, adicional a los aranceles. &nbsp; Los sectores productivos consultados lo ven como una restricci\u00f3n m\u00e1s al comercio que distorsiona el panorama seg\u00fan sus comentarios. No obstante, tambi\u00e9n reconocen que la rebaja del porcentaje frente a las salvaguardias vigentes desde el a\u00f1o pasado ser\u00eda un alivio. (I) &nbsp; Fuente: http:\/\/expreso.ec\/expreso\/plantillas\/nota.aspx?idart=8809032&amp;idcat=38269&amp;tipo=2<\/p>\n","protected":false},"author":1,"featured_media":237059,"comment_status":"open","ping_status":"open","sticky":false,"template":"","format":"standard","meta":[],"categories":[54,43],"tags":[],"_links":{"self":[{"href":"https:\/\/www.ecuadortimes.net\/es\/wp-json\/wp\/v2\/posts\/237058"}],"collection":[{"href":"https:\/\/www.ecuadortimes.net\/es\/wp-json\/wp\/v2\/posts"}],"about":[{"href":"https:\/\/www.ecuadortimes.net\/es\/wp-json\/wp\/v2\/types\/post"}],"author":[{"embeddable":true,"href":"https:\/\/www.ecuadortimes.net\/es\/wp-json\/wp\/v2\/users\/1"}],"replies":[{"embeddable":true,"href":"https:\/\/www.ecuadortimes.net\/es\/wp-json\/wp\/v2\/comments?post=237058"}],"version-history":[{"count":0,"href":"https:\/\/www.ecuadortimes.net\/es\/wp-json\/wp\/v2\/posts\/237058\/revisions"}],"wp:featuredmedia":[{"embeddable":true,"href":"https:\/\/www.ecuadortimes.net\/es\/wp-json\/wp\/v2\/media\/237059"}],"wp:attachment":[{"href":"https:\/\/www.ecuadortimes.net\/es\/wp-json\/wp\/v2\/media?parent=237058"}],"wp:term":[{"taxonomy":"category","embeddable":true,"href":"https:\/\/www.ecuadortimes.net\/es\/wp-json\/wp\/v2\/categories?post=237058"},{"taxonomy":"post_tag","embeddable":true,"href":"https:\/\/www.ecuadortimes.net\/es\/wp-json\/wp\/v2\/tags?post=237058"}],"curies":[{"name":"wp","href":"https:\/\/api.w.org\/{rel}","templated":true}]}}