{"id":237066,"date":"2016-01-12T00:00:00","date_gmt":"2016-01-12T00:00:00","guid":{"rendered":"https:\/\/www.ecuadortimes.net\/es\/denuncia-por-la-muerte-de-un-turista-belga-en-canopy\/"},"modified":"2016-01-12T00:00:00","modified_gmt":"2016-01-12T00:00:00","slug":"denuncia-por-la-muerte-de-un-turista-belga-en-canopy","status":"publish","type":"post","link":"https:\/\/www.ecuadortimes.net\/es\/denuncia-por-la-muerte-de-un-turista-belga-en-canopy\/","title":{"rendered":"Denuncia por la muerte de un turista belga en canopy"},"content":{"rendered":"<p>&nbsp;<\/p>\n<p>&nbsp;<\/p>\n<div id=\"attachment_172086\" style=\"width: 243px\" class=\"wp-caption alignright\"><img aria-describedby=\"caption-attachment-172086\" loading=\"lazy\" class=\"size-medium wp-image-172086\" src=\"https:\/\/www.ecuadortimes.net\/es\/wp-content\/uploads\/2016\/01\/Captura-de-pantalla-2016-01-12-a-las-9.58.41-a.m.-233x300.png\" alt=\"imagen: El Universo\" width=\"233\" height=\"300\" \/><p id=\"caption-attachment-172086\" class=\"wp-caption-text\">imagen: El Universo<\/p><\/div>\n<p style=\"text-align: justify;\">V\u00edctor dos Santos Delgado, de 48 a\u00f1os, de origen belga, practicaba el deporte canopy, cuando el arn\u00e9s se zaf\u00f3 de la cintura y cay\u00f3 de una altura de aproximadamente 35 metros.<\/p>\n<p style=\"text-align: justify;\">\n<p style=\"text-align: justify;\">El accidente ocurri\u00f3 la tarde del jueves 7 de enero, en la hoster\u00eda Casa de Piedra, del recinto Esperanza Alta, km 7,5 de la v\u00eda a Bucay.<\/p>\n<p style=\"text-align: justify;\">\n<p style=\"text-align: justify;\">El extranjero, gerente de una empresa hidroel\u00e9ctrica de Suiza, lleg\u00f3 al pa\u00eds el 11 de diciembre para pasar las fiestas navide\u00f1as con la familia de su esposa, Roc\u00edo Cabrera, comunicadora y exproductora de televisi\u00f3n. Ambos se casaron hace cinco a\u00f1os y todos los a\u00f1os, en la misma \u00e9poca, visitaban Guayaquil por las festividades.<\/p>\n<p style=\"text-align: justify;\">\n<p style=\"text-align: justify;\">El cuerpo actualmente est\u00e1 en los frigor\u00edficos de la Junta de Beneficencia hasta que terminen los tr\u00e1mites de repatriaci\u00f3n del cuerpo a Suiza. La empresa donde laboraba se hizo cargo.<\/p>\n<p>&nbsp;<\/p>\n<p style=\"text-align: justify;\">Su esposa denunci\u00f3 el hecho en Guayaquil. Acusa al propietario de la hoster\u00eda por homicidio culposo, pide la investigaci\u00f3n y la detenci\u00f3n del due\u00f1o.<\/p>\n<p style=\"text-align: justify;\">\n<p style=\"text-align: justify;\">Cabrera alega en el documento que el sitio supuestamente no brind\u00f3 las facilidades m\u00e9dicas para el auxilio de su esposo y, adem\u00e1s, continuaron con las actividades deportivas, poniendo en riesgo a otras personas.<\/p>\n<p style=\"text-align: justify;\">\n<p style=\"text-align: justify;\">Roberto Bustamante, propietario de la hoster\u00eda, responde que el accidente fue fortuito. Dice que ampliar\u00e1 su versi\u00f3n sobre el caso luego de la investigaci\u00f3n que la Fiscal\u00eda de Naranjito ha iniciado de oficio.<\/p>\n<p style=\"text-align: justify;\">\n<p style=\"text-align: justify;\">Sin embargo, enfatiza que su negocio funciona con los permisos de ley y que los implementos que se usan en la hoster\u00eda para el deporte son importados de Francia. (I)<\/p>\n<p>&nbsp;<\/p>\n<p>Fuente:\u00a0<a href=\"http:\/\/www.eluniverso.com\/noticias\/2016\/01\/12\/nota\/5340949\/denuncia-muerte-turista-belga-canopy\">http:\/\/www.eluniverso.com\/noticias\/2016\/01\/12\/nota\/5340949\/denuncia-muerte-turista-belga-canopy<\/a><\/p>\n<p>&nbsp;<\/p>\n<p>&nbsp;<\/p>\n<p>&nbsp;<\/p>\n","protected":false},"excerpt":{"rendered":"<p>&nbsp; &nbsp; V\u00edctor dos Santos Delgado, de 48 a\u00f1os, de origen belga, practicaba el deporte canopy, cuando el arn\u00e9s se zaf\u00f3 de la cintura y cay\u00f3 de una altura de aproximadamente 35 metros. El accidente ocurri\u00f3 la tarde del jueves 7 de enero, en la hoster\u00eda Casa de Piedra, del recinto Esperanza Alta, km 7,5 de la v\u00eda a Bucay. El extranjero, gerente de una empresa hidroel\u00e9ctrica de Suiza, lleg\u00f3 al pa\u00eds el 11 de diciembre para pasar las fiestas navide\u00f1as con la familia de su esposa, Roc\u00edo Cabrera, comunicadora y exproductora de televisi\u00f3n. Ambos se casaron hace cinco a\u00f1os y todos los a\u00f1os, en la misma \u00e9poca, visitaban Guayaquil por las festividades. El cuerpo actualmente est\u00e1 en los frigor\u00edficos de la Junta de Beneficencia hasta que terminen los tr\u00e1mites de repatriaci\u00f3n del cuerpo a Suiza. La empresa donde laboraba se hizo cargo. &nbsp; Su esposa denunci\u00f3 el hecho en Guayaquil. Acusa al propietario de la hoster\u00eda por homicidio culposo, pide la investigaci\u00f3n y la detenci\u00f3n del due\u00f1o. Cabrera alega en el documento que el sitio supuestamente no brind\u00f3 las facilidades m\u00e9dicas para el auxilio de su esposo y, adem\u00e1s, continuaron con las actividades deportivas, poniendo en riesgo a otras personas. Roberto Bustamante, propietario de la hoster\u00eda, responde que el accidente fue fortuito. Dice que ampliar\u00e1 su versi\u00f3n sobre el caso luego de la investigaci\u00f3n que la Fiscal\u00eda de Naranjito ha iniciado de oficio. Sin embargo, enfatiza que su negocio funciona con los permisos de ley y que los implementos que se usan en la hoster\u00eda para el deporte son importados de Francia. (I) &nbsp; Fuente:\u00a0http:\/\/www.eluniverso.com\/noticias\/2016\/01\/12\/nota\/5340949\/denuncia-muerte-turista-belga-canopy &nbsp; &nbsp; &nbsp;<\/p>\n","protected":false},"author":1,"featured_media":0,"comment_status":"open","ping_status":"open","sticky":false,"template":"","format":"standard","meta":[],"categories":[35],"tags":[],"_links":{"self":[{"href":"https:\/\/www.ecuadortimes.net\/es\/wp-json\/wp\/v2\/posts\/237066"}],"collection":[{"href":"https:\/\/www.ecuadortimes.net\/es\/wp-json\/wp\/v2\/posts"}],"about":[{"href":"https:\/\/www.ecuadortimes.net\/es\/wp-json\/wp\/v2\/types\/post"}],"author":[{"embeddable":true,"href":"https:\/\/www.ecuadortimes.net\/es\/wp-json\/wp\/v2\/users\/1"}],"replies":[{"embeddable":true,"href":"https:\/\/www.ecuadortimes.net\/es\/wp-json\/wp\/v2\/comments?post=237066"}],"version-history":[{"count":0,"href":"https:\/\/www.ecuadortimes.net\/es\/wp-json\/wp\/v2\/posts\/237066\/revisions"}],"wp:attachment":[{"href":"https:\/\/www.ecuadortimes.net\/es\/wp-json\/wp\/v2\/media?parent=237066"}],"wp:term":[{"taxonomy":"category","embeddable":true,"href":"https:\/\/www.ecuadortimes.net\/es\/wp-json\/wp\/v2\/categories?post=237066"},{"taxonomy":"post_tag","embeddable":true,"href":"https:\/\/www.ecuadortimes.net\/es\/wp-json\/wp\/v2\/tags?post=237066"}],"curies":[{"name":"wp","href":"https:\/\/api.w.org\/{rel}","templated":true}]}}